{"id":7855,"date":"2017-03-29T09:28:08","date_gmt":"2017-03-29T09:28:08","guid":{"rendered":"https:\/\/www.unidroit.org\/?p=7855"},"modified":"2021-08-18T10:30:07","modified_gmt":"2021-08-18T10:30:07","slug":"forum-dinterpol-unity-for-security","status":"publish","type":"post","link":"https:\/\/www.unidroit.org\/fr\/forum-dinterpol-unity-for-security\/","title":{"rendered":"FORUM D\u2019INTERPOL: \u201cUNITY FOR SECURITY\u201d"},"content":{"rendered":"<p>Du 28 au 30 mars 2017, Mme Marina Schneider,\u00a0Juriste principale\u00a0et D\u00e9positaire des Trait\u00e9s d\u2019UNIDROIT, a particip\u00e9 au travail\u00a0du Forum d\u2019INTERPOL \u201cUnity For Security\u201d, tenu \u00e0 Abu Dhabi et organis\u00e9 en partenariat avec les Emirats Arabes Unis et la Fondation Interpol pour un monde plus s\u00fbr, sous le patronage de son Eminence le Sheik Sheikh Khalifa bin Zayed Al Nahyan, Pr\u00e9sident des Emirats Arabes Unis.<\/p>\n<p>Le Forum rassemblait des Ministres dont les responsabilit\u00e9s comprennent la s\u00e9curit\u00e9 nationale, des hauts fonctionnaires de la police, des repr\u00e9sentants du secteur priv\u00e9, pour traiter ensemble des questions communes et identifier les responsabilit\u00e9s de chacun dans la mise en oeuvre de politiques g\u00e9n\u00e9rales pour lutter contre les menaces futures.<\/p>\n<p>&gt;&gt;&gt;\u00a0<a href=\"https:\/\/www.interpol.int\/fr\/Internet\/Centre-des-m%C3%A9dias\/%C3%89v%C3%A9nements\/2017\/Unity-for-Security\/Forum-%C2%AB-Unity-for-Security-%C2%BB\" target=\"_blank\" rel=\"noopener\">Pour plus d\u2019informations<\/a>&#8230;<\/p>\n<p>&nbsp;<\/p>\n<table>\n<tbody>\n<tr>\n<td><img loading=\"lazy\" decoding=\"async\" src=\"https:\/\/www.unidroit.org\/english\/news\/2017\/170328-interpol-abudhabi\/pict01.jpg\" alt=\"pict01\" width=\"260\" height=\"173\" \/><\/td>\n<td><\/td>\n<td><img loading=\"lazy\" decoding=\"async\" src=\"https:\/\/www.unidroit.org\/english\/news\/2017\/170328-interpol-abudhabi\/pict02.jpg\" alt=\"pict02\" width=\"260\" height=\"174\" \/><\/td>\n<\/tr>\n<tr>\n<td><em>Mme Marine Scheider,<br \/>\nJuriste principale et D\u00e9positaire des Trait\u00e9s d\u2019UNIDROIT<\/em><\/td>\n<td><\/td>\n<td><em>Photo de la salle de la conf\u00e9rence<\/em><\/td>\n<\/tr>\n<\/tbody>\n<\/table>\n","protected":false},"excerpt":{"rendered":"<p>Du 28 au 30 mars 2017, Mme Marina Schneider,\u00a0Juriste principale\u00a0et D\u00e9positaire des Trait\u00e9s d\u2019UNIDROIT, a particip\u00e9 au travail\u00a0du Forum d\u2019INTERPOL \u201cUnity For Security\u201d, tenu \u00e0 Abu Dhabi et organis\u00e9 en partenariat avec les Emirats Arabes Unis et la Fondation Interpol pour un monde plus s\u00fbr,&nbsp;<a href=\"https:\/\/www.unidroit.org\/fr\/forum-dinterpol-unity-for-security\/\">&hellip;<\/a><\/p>\n","protected":false},"author":5,"featured_media":0,"comment_status":"closed","ping_status":"closed","sticky":false,"template":"","format":"standard","meta":{"ep_exclude_from_search":false,"footnotes":""},"categories":[79],"tags":[],"class_list":["post-7855","post","type-post","status-publish","format-standard","hentry","category-actualites","odd"],"_links":{"self":[{"href":"https:\/\/www.unidroit.org\/fr\/wp-json\/wp\/v2\/posts\/7855","targetHints":{"allow":["GET"]}}],"collection":[{"href":"https:\/\/www.unidroit.org\/fr\/wp-json\/wp\/v2\/posts"}],"about":[{"href":"https:\/\/www.unidroit.org\/fr\/wp-json\/wp\/v2\/types\/post"}],"author":[{"embeddable":true,"href":"https:\/\/www.unidroit.org\/fr\/wp-json\/wp\/v2\/users\/5"}],"replies":[{"embeddable":true,"href":"https:\/\/www.unidroit.org\/fr\/wp-json\/wp\/v2\/comments?post=7855"}],"version-history":[{"count":0,"href":"https:\/\/www.unidroit.org\/fr\/wp-json\/wp\/v2\/posts\/7855\/revisions"}],"wp:attachment":[{"href":"https:\/\/www.unidroit.org\/fr\/wp-json\/wp\/v2\/media?parent=7855"}],"wp:term":[{"taxonomy":"category","embeddable":true,"href":"https:\/\/www.unidroit.org\/fr\/wp-json\/wp\/v2\/categories?post=7855"},{"taxonomy":"post_tag","embeddable":true,"href":"https:\/\/www.unidroit.org\/fr\/wp-json\/wp\/v2\/tags?post=7855"}],"curies":[{"name":"wp","href":"https:\/\/api.w.org\/{rel}","templated":true}]}}