{"id":7863,"date":"2017-03-28T09:30:17","date_gmt":"2017-03-28T09:30:17","guid":{"rendered":"https:\/\/www.unidroit.org\/?p=7863"},"modified":"2021-08-18T10:30:08","modified_gmt":"2021-08-18T10:30:08","slug":"premiere-session-du-comite-dexperts-gouvernementaux-du-protocole-mac","status":"publish","type":"post","link":"https:\/\/www.unidroit.org\/fr\/premiere-session-du-comite-dexperts-gouvernementaux-du-protocole-mac\/","title":{"rendered":"PREMIERE SESSION DU COMITE D&#8217;EXPERTS GOUVERNEMENTAUX DU PROTOCOLE MAC"},"content":{"rendered":"<p>La premi\u00e8re session du Comit\u00e9 d&#8217;experts gouvernementaux d\u2019UNIDROIT charg\u00e9 de l\u2019\u00e9laboration d&#8217;un projet de Protocole portant sur les questions sp\u00e9cifiques aux mat\u00e9riels d\u2019\u00e9quipement agricoles, de construction et miniers \u00e0 la Convention relative aux garanties internationales portant sur les mat\u00e9riels d\u2019\u00e9quipement mobiles (le \u00abProtocole MAC\u00bb) s\u2019est tenue du 20 au 24 mars 2017. La r\u00e9union a \u00e9t\u00e9 organis\u00e9e au si\u00e8ge de l&#8217;Organisation des Nations Unies pour l&#8217;alimentation et l&#8217;agriculture \u00e0 Rome. 128 participants de 48 pays et 11 organisations internationales se sont inscrits pour assister \u00e0 la r\u00e9union.<\/p>\n<p>De plus amples informations sur le projet de protocole MAC sont disponibles\u00a0<img loading=\"lazy\" decoding=\"async\" src=\"https:\/\/www.unidroit.org\/images\/arrows\/black-right-01.gif\" alt=\"black right 01\" width=\"12\" height=\"12\" \/>\u00a0<a href=\"https:\/\/www.unidroit.org\/fr\/travaux-en-cours-etudes\/current-studies-fr\/protocole-mac\">ici<\/a>.<\/p>\n<p>&nbsp;<\/p>\n<table>\n<tbody>\n<tr>\n<td><a title=\"Agrandir l'image\" href=\"https:\/\/www.unidroit.org\/english\/news\/2017\/170320-mac-protocol-first-session\/pict01.jpg\"><img loading=\"lazy\" decoding=\"async\" src=\"https:\/\/www.unidroit.org\/english\/news\/2017\/170320-mac-protocol-first-session\/pict01.jpg\" alt=\"pict01\" width=\"180\" height=\"120\" \/><\/a><\/td>\n<td><\/td>\n<td><a title=\"Agrandir l'image\" href=\"https:\/\/www.unidroit.org\/english\/news\/2017\/170320-mac-protocol-first-session\/pict02.jpg\"><img loading=\"lazy\" decoding=\"async\" src=\"https:\/\/www.unidroit.org\/english\/news\/2017\/170320-mac-protocol-first-session\/pict02.jpg\" alt=\"pict02\" width=\"180\" height=\"120\" \/><\/a><\/td>\n<td><\/td>\n<td><a title=\"Agrandir l'image\" href=\"https:\/\/www.unidroit.org\/english\/news\/2017\/170320-mac-protocol-first-session\/pict03.jpg\"><img loading=\"lazy\" decoding=\"async\" src=\"https:\/\/www.unidroit.org\/english\/news\/2017\/170320-mac-protocol-first-session\/pict03.jpg\" alt=\"pict03\" width=\"180\" height=\"120\" \/><\/a><\/td>\n<\/tr>\n<tr>\n<td><em>Secr\u00e9taire G\u00e9n\u00e9ral d&#8217;UNIDROIT<br \/>\nJos\u00e9 Angelo Estrella-Faria<\/em><\/td>\n<td><\/td>\n<td><em>Premi\u00e8re session du Comit\u00e9<br \/>\nd&#8217;experts gouvernementaux<br \/>\ndu protocole MAC<\/em><\/td>\n<td><\/td>\n<td><em>Premi\u00e8re session du Comit\u00e9<br \/>\nd&#8217;experts gouvernementaux<br \/>\ndu protocole MAC<\/em><\/td>\n<\/tr>\n<\/tbody>\n<\/table>\n","protected":false},"excerpt":{"rendered":"<p>La premi\u00e8re session du Comit\u00e9 d&#8217;experts gouvernementaux d\u2019UNIDROIT charg\u00e9 de l\u2019\u00e9laboration d&#8217;un projet de Protocole portant sur les questions sp\u00e9cifiques aux mat\u00e9riels d\u2019\u00e9quipement agricoles, de construction et miniers \u00e0 la Convention relative aux garanties internationales portant sur les mat\u00e9riels d\u2019\u00e9quipement mobiles (le \u00abProtocole MAC\u00bb) s\u2019est&nbsp;<a href=\"https:\/\/www.unidroit.org\/fr\/premiere-session-du-comite-dexperts-gouvernementaux-du-protocole-mac\/\">&hellip;<\/a><\/p>\n","protected":false},"author":5,"featured_media":0,"comment_status":"closed","ping_status":"closed","sticky":false,"template":"","format":"standard","meta":{"ep_exclude_from_search":false,"footnotes":""},"categories":[79],"tags":[],"class_list":["post-7863","post","type-post","status-publish","format-standard","hentry","category-actualites","odd"],"_links":{"self":[{"href":"https:\/\/www.unidroit.org\/fr\/wp-json\/wp\/v2\/posts\/7863","targetHints":{"allow":["GET"]}}],"collection":[{"href":"https:\/\/www.unidroit.org\/fr\/wp-json\/wp\/v2\/posts"}],"about":[{"href":"https:\/\/www.unidroit.org\/fr\/wp-json\/wp\/v2\/types\/post"}],"author":[{"embeddable":true,"href":"https:\/\/www.unidroit.org\/fr\/wp-json\/wp\/v2\/users\/5"}],"replies":[{"embeddable":true,"href":"https:\/\/www.unidroit.org\/fr\/wp-json\/wp\/v2\/comments?post=7863"}],"version-history":[{"count":0,"href":"https:\/\/www.unidroit.org\/fr\/wp-json\/wp\/v2\/posts\/7863\/revisions"}],"wp:attachment":[{"href":"https:\/\/www.unidroit.org\/fr\/wp-json\/wp\/v2\/media?parent=7863"}],"wp:term":[{"taxonomy":"category","embeddable":true,"href":"https:\/\/www.unidroit.org\/fr\/wp-json\/wp\/v2\/categories?post=7863"},{"taxonomy":"post_tag","embeddable":true,"href":"https:\/\/www.unidroit.org\/fr\/wp-json\/wp\/v2\/tags?post=7863"}],"curies":[{"name":"wp","href":"https:\/\/api.w.org\/{rel}","templated":true}]}}