{"id":7867,"date":"2017-03-21T09:31:41","date_gmt":"2017-03-21T09:31:41","guid":{"rendered":"https:\/\/www.unidroit.org\/?p=7867"},"modified":"2021-08-18T10:30:09","modified_gmt":"2021-08-18T10:30:09","slug":"unidroit-a-vienne-pour-le-quatrieme-colloque-international-sur-les-suretes-mobilieres","status":"publish","type":"post","link":"https:\/\/www.unidroit.org\/fr\/unidroit-a-vienne-pour-le-quatrieme-colloque-international-sur-les-suretes-mobilieres\/","title":{"rendered":"UNIDROIT A VIENNE POUR LE QUATRIEME COLLOQUE INTERNATIONAL SUR LES SURETES MOBILIERES"},"content":{"rendered":"<p>Du 15 au 17 mars 2017, Anna Veneziano,\u00a0Secr\u00e9taire G\u00e9n\u00e9ral adjoint\u00a0d\u2019UNIDROIT, a pris part au quatri\u00e8me colloque international de la CNUDCI sur les s\u00fbret\u00e9s mobili\u00e8res \u00e0 Vienne, dans le cadre d&#8217;un panel intitul\u00e9 \u00abAssistance technique dans le domaine des s\u00fbret\u00e9s mobili\u00e8res: coordination et coop\u00e9ration avec d&#8217;autres organisations\u00bb. Le colloque a \u00e9t\u00e9 organis\u00e9 pour discuter des \u00e9ventuels travaux futurs dans le domaine des op\u00e9rations garanties et des domaines connexes suite \u00e0 l&#8217;ach\u00e8vement des travaux de la CNUDCI sur un guide pour l\u2019incorporation de la Loi type de la CNUDCI sur les s\u00fbret\u00e9s mobili\u00e8res.<\/p>\n<p>Pour toute information sur la r\u00e9union cliquer\u00a0<img loading=\"lazy\" decoding=\"async\" src=\"https:\/\/www.unidroit.org\/images\/arrows\/black-right-01.gif\" alt=\"black right 01\" width=\"12\" height=\"12\" \/>\u00a0<a href=\"http:\/\/www.uncitral.org\/uncitral\/en\/commission\/colloquia_security.html\" target=\"_blank\" rel=\"noopener\">ici<\/a>\u00a0<em>(en anglais seulement)<\/em>.<\/p>\n<p><img loading=\"lazy\" decoding=\"async\" src=\"https:\/\/www.unidroit.org\/english\/news\/2017\/170315-uncitral-4-coll-sec-trans\/pict01.jpg\" alt=\"pict01\" width=\"500\" height=\"161\" \/><\/p>\n<p><em>Panel sur l\u2019Assistance technique dans le domaine des s\u00fbret\u00e9s mobili\u00e8res\u00a0: coordination et coop\u00e9ration<br \/>\navec d&#8217;autres organisations \u00a0(de gauche \u00e0 droite: Mme Jeannette Tramhel (Organisation des Etats<br \/>\nam\u00e9ricains), M. John Wilson (Soci\u00e9t\u00e9 financi\u00e8re internationale), M. Charles Mooney (Universit\u00e9 de<br \/>\nPennsylvanie), M. Marek Dubovec (National Law Center for Inter-American Free Trade), M. Ammar<br \/>\nAl-Saleh (Banque europ\u00e9enne pour la reconstruction et le d\u00e9veloppement), Mme Anna Veneziano (UNIDROIT).<\/em><\/p>\n","protected":false},"excerpt":{"rendered":"<p>Du 15 au 17 mars 2017, Anna Veneziano,\u00a0Secr\u00e9taire G\u00e9n\u00e9ral adjoint\u00a0d\u2019UNIDROIT, a pris part au quatri\u00e8me colloque international de la CNUDCI sur les s\u00fbret\u00e9s mobili\u00e8res \u00e0 Vienne, dans le cadre d&#8217;un panel intitul\u00e9 \u00abAssistance technique dans le domaine des s\u00fbret\u00e9s mobili\u00e8res: coordination et coop\u00e9ration avec d&#8217;autres&nbsp;<a href=\"https:\/\/www.unidroit.org\/fr\/unidroit-a-vienne-pour-le-quatrieme-colloque-international-sur-les-suretes-mobilieres\/\">&hellip;<\/a><\/p>\n","protected":false},"author":5,"featured_media":0,"comment_status":"closed","ping_status":"closed","sticky":false,"template":"","format":"standard","meta":{"ep_exclude_from_search":false,"footnotes":""},"categories":[79],"tags":[],"class_list":["post-7867","post","type-post","status-publish","format-standard","hentry","category-actualites","odd"],"_links":{"self":[{"href":"https:\/\/www.unidroit.org\/fr\/wp-json\/wp\/v2\/posts\/7867","targetHints":{"allow":["GET"]}}],"collection":[{"href":"https:\/\/www.unidroit.org\/fr\/wp-json\/wp\/v2\/posts"}],"about":[{"href":"https:\/\/www.unidroit.org\/fr\/wp-json\/wp\/v2\/types\/post"}],"author":[{"embeddable":true,"href":"https:\/\/www.unidroit.org\/fr\/wp-json\/wp\/v2\/users\/5"}],"replies":[{"embeddable":true,"href":"https:\/\/www.unidroit.org\/fr\/wp-json\/wp\/v2\/comments?post=7867"}],"version-history":[{"count":0,"href":"https:\/\/www.unidroit.org\/fr\/wp-json\/wp\/v2\/posts\/7867\/revisions"}],"wp:attachment":[{"href":"https:\/\/www.unidroit.org\/fr\/wp-json\/wp\/v2\/media?parent=7867"}],"wp:term":[{"taxonomy":"category","embeddable":true,"href":"https:\/\/www.unidroit.org\/fr\/wp-json\/wp\/v2\/categories?post=7867"},{"taxonomy":"post_tag","embeddable":true,"href":"https:\/\/www.unidroit.org\/fr\/wp-json\/wp\/v2\/tags?post=7867"}],"curies":[{"name":"wp","href":"https:\/\/api.w.org\/{rel}","templated":true}]}}