{"id":7871,"date":"2017-03-20T09:32:53","date_gmt":"2017-03-20T09:32:53","guid":{"rendered":"https:\/\/www.unidroit.org\/?p=7871"},"modified":"2021-08-18T10:30:09","modified_gmt":"2021-08-18T10:30:09","slug":"luniversite-des-andes-santiago-recoit-le-secretaire-general-dunidroit","status":"publish","type":"post","link":"https:\/\/www.unidroit.org\/fr\/luniversite-des-andes-santiago-recoit-le-secretaire-general-dunidroit\/","title":{"rendered":"L\u2019UNIVERSITE DES ANDES (SANTIAGO) RECOIT LE SECRETAIRE GENERAL D\u2019UNIDROIT"},"content":{"rendered":"<p>Le 15 mars 2017, lors de sa mission \u00e0 Santiago du Chili, le Secr\u00e9taire G\u00e9n\u00e9ral d\u2019UNIDROIT a \u00e9t\u00e9 invit\u00e9 par le Doyen de la Facult\u00e9 de droit de l&#8217;Universit\u00e9 des Andes \u00e0 effectuer une visite officielle. M. Jos\u00e9 Angelo Estrella Faria a sign\u00e9 un Accord de coop\u00e9ration avec l&#8217;Universit\u00e9. Il a \u00e9galement fait une pr\u00e9sentation sur les Principes d&#8217;UNIDROIT et les contrats \u00e0 long terme lors d\u2019un s\u00e9minaire destin\u00e9 aux doctorants et aux professeurs et a donn\u00e9 une conf\u00e9rence \u00e0 l\u2019intention des \u00e9tudiants de premier cycle universitaire consacr\u00e9e \u00e0 la contribution d\u2019UNIDROIT dans le cadre du droit commercial transnational.<\/p>\n<p>Pour plus d\u2019informations et visiter la galerie de photos cliquez\u00a0<img loading=\"lazy\" decoding=\"async\" src=\"https:\/\/www.unidroit.org\/images\/arrows\/black-right-01.gif\" alt=\"black right 01\" width=\"12\" height=\"12\" \/>\u00a0<a href=\"http:\/\/www.uandes.cl\/noticias\/universidad-de-los-andes-firma-importante-convenio-de-colaboracion-con-unidroit.html\" target=\"_blank\" rel=\"noopener\">ici<\/a><\/p>\n<p>&nbsp;<\/p>\n<table>\n<tbody>\n<tr>\n<td><a title=\"Agrandir l&#039;image\" href=\"https:\/\/www.unidroit.org\/english\/news\/2017\/170315-univ-los-andes-santiago\/pict01.JPG\"><img loading=\"lazy\" decoding=\"async\" src=\"https:\/\/www.unidroit.org\/english\/news\/2017\/170315-univ-los-andes-santiago\/pict01.JPG\" alt=\"pict01\" width=\"260\" height=\"174\" \/><\/a><\/td>\n<td><\/td>\n<td><a title=\"Agrandir l&#039;image\" href=\"https:\/\/www.unidroit.org\/english\/news\/2017\/170315-univ-los-andes-santiago\/pict02.jpg\"><img loading=\"lazy\" decoding=\"async\" src=\"https:\/\/www.unidroit.org\/english\/news\/2017\/170315-univ-los-andes-santiago\/pict02.jpg\" alt=\"pict02\" width=\"260\" height=\"174\" \/><\/a><\/td>\n<\/tr>\n<tr>\n<td><em><strong>De gauche a droite :\u00a0<\/strong>M. Alejandro Romero, Doyen de la Facult\u00e9 de droit de l\u2019Universit\u00e9 des Andes, Mme Mar\u00eda Ignacia Vial, Universitaire de la Facult\u00e9 de droit de l\u2019Universit\u00e9 des Andes, M. Jos\u00e9 Antonio Guzm\u00e1n, Doyen de l\u2019Universit\u00e9 des Andes , M. Jos\u00e9 Angelo Estrella Faria, Secr\u00e9taire G\u00e9n\u00e9ral d\u2019UNIDROIT, Mme Cristina Err\u00e1zuriz, Vice-R\u00e9ctrice aux Communications de l\u2019Universit\u00e9 des Andes, M. Jos\u00e9 Ignacio Mart\u00ednez, Vice-Recteur \u00e0 la Recherche et des \u00e9tudes doctorales De l\u2019Universit\u00e9 des Andes.<\/em><\/td>\n<td><\/td>\n<td><em><strong>De gauche a droite :<\/strong>\u00a0M. Alejandro Romero, Doyen de la Facult\u00e9 de droit de l\u2019Universit\u00e9 des Andes,\u00a0 M. Jos\u00e9 Angelo Estrella Faria, Secr\u00e9taire G\u00e9n\u00e9ral d\u2019UNIDROIT, M. Jos\u00e9 Antonio Guzm\u00e1n, Doyen de l\u2019Universit\u00e9 des Andes.<\/em><\/td>\n<\/tr>\n<\/tbody>\n<\/table>\n","protected":false},"excerpt":{"rendered":"<p>Le 15 mars 2017, lors de sa mission \u00e0 Santiago du Chili, le Secr\u00e9taire G\u00e9n\u00e9ral d\u2019UNIDROIT a \u00e9t\u00e9 invit\u00e9 par le Doyen de la Facult\u00e9 de droit de l&#8217;Universit\u00e9 des Andes \u00e0 effectuer une visite officielle. M. Jos\u00e9 Angelo Estrella Faria a sign\u00e9 un Accord&nbsp;<a href=\"https:\/\/www.unidroit.org\/fr\/luniversite-des-andes-santiago-recoit-le-secretaire-general-dunidroit\/\">&hellip;<\/a><\/p>\n","protected":false},"author":5,"featured_media":0,"comment_status":"closed","ping_status":"closed","sticky":false,"template":"","format":"standard","meta":{"ep_exclude_from_search":false,"footnotes":""},"categories":[79],"tags":[],"class_list":["post-7871","post","type-post","status-publish","format-standard","hentry","category-actualites","odd"],"_links":{"self":[{"href":"https:\/\/www.unidroit.org\/fr\/wp-json\/wp\/v2\/posts\/7871","targetHints":{"allow":["GET"]}}],"collection":[{"href":"https:\/\/www.unidroit.org\/fr\/wp-json\/wp\/v2\/posts"}],"about":[{"href":"https:\/\/www.unidroit.org\/fr\/wp-json\/wp\/v2\/types\/post"}],"author":[{"embeddable":true,"href":"https:\/\/www.unidroit.org\/fr\/wp-json\/wp\/v2\/users\/5"}],"replies":[{"embeddable":true,"href":"https:\/\/www.unidroit.org\/fr\/wp-json\/wp\/v2\/comments?post=7871"}],"version-history":[{"count":0,"href":"https:\/\/www.unidroit.org\/fr\/wp-json\/wp\/v2\/posts\/7871\/revisions"}],"wp:attachment":[{"href":"https:\/\/www.unidroit.org\/fr\/wp-json\/wp\/v2\/media?parent=7871"}],"wp:term":[{"taxonomy":"category","embeddable":true,"href":"https:\/\/www.unidroit.org\/fr\/wp-json\/wp\/v2\/categories?post=7871"},{"taxonomy":"post_tag","embeddable":true,"href":"https:\/\/www.unidroit.org\/fr\/wp-json\/wp\/v2\/tags?post=7871"}],"curies":[{"name":"wp","href":"https:\/\/api.w.org\/{rel}","templated":true}]}}