{"id":7875,"date":"2017-03-15T09:33:57","date_gmt":"2017-03-15T09:33:57","guid":{"rendered":"https:\/\/www.unidroit.org\/?p=7875"},"modified":"2021-08-18T10:30:09","modified_gmt":"2021-08-18T10:30:09","slug":"le-secretaire-general-dunidroit-a-la-conference-sur-larbitrage-commercial-et-larbitrage-commercial-international-a-santiago","status":"publish","type":"post","link":"https:\/\/www.unidroit.org\/fr\/le-secretaire-general-dunidroit-a-la-conference-sur-larbitrage-commercial-et-larbitrage-commercial-international-a-santiago\/","title":{"rendered":"LE SECRETAIRE GENERAL D\u2019UNIDROIT A LA CONFERENCE SUR L&#8217;ARBITRAGE COMMERCIAL ET L\u2019ARBITRAGE COMMERCIAL INTERNATIONAL A SANTIAGO"},"content":{"rendered":"<p>Le 14 mars 2017, le Secr\u00e9taire G\u00e9n\u00e9ral d\u2019UNIDROIT, Jos\u00e9 Angelo Estrella Faria, a fait une pr\u00e9sentation intitul\u00e9e \u201cThe Application of Non-State Laws to International Commercial Arbitration\u201d, lors d\u2019une conf\u00e9rence organis\u00e9e par l\u2019Universit\u00e9 de Talca (Chili) \u00e0 la Chambre de commerce de Santiago dans le cadre du \u00ab\u00a0Proyecto Anillo\u00a0<a href=\"http:\/\/www.mascchile.utalca.cl\/html\/actividades\/14.html\" target=\"_blank\" rel=\"noopener\">MASC CHILE SOC 1406se<\/a>\u201d ayant pour titre \u201cContracting and International Commercial Arbitration\u201d. La conf\u00e9rence a r\u00e9uni d\u2019\u00e9minents orateurs tels que le Professeur Riccardo Cardilli (Universit\u00e9 Tor Vergata de Rome, Italie),\u00a0le Professeur Jos\u00e9 Carlos Fern\u00e1ndez Rozas (Universit\u00e9 Complutense de Madrid, Espagne), le Professeur Jorge Oviedo Alb\u00e1n (Universit\u00e9 de la Sabana, Colombie),\u00a0le Professeur Mar\u00eda Fernanda V\u00e1squez Palma (Universit\u00e9 de Talca, Chili), le Professeur Rodrigo Momberg Uribe (Universit\u00e9 Catholique de Valpara\u00edso, Chili),\u00a0le Professeur \u00c1lvaro Vidal Olivares (Universit\u00e9 Catholique de Valpara\u00edso, Chili),\u00a0 M. Ignacio Garc\u00eda Pujol (Associ\u00e9, Cabinet Porzio R\u00edos Garc\u00eda et correspondant d\u2019UNIDROIT pour le Chili), Mme Macarena Letelier Velasco (Directrice G\u00e9n\u00e9rale du Centre d\u2019arbitrage et de m\u00e9diation, Chambre de commerce de Santiago), M. Diego Peralta Valenzuela (Associ\u00e9, Cabinet Carey y C\u00eda.) et M. Felipe Bulnes Serrano (Associ\u00e9, Cabinet Bulnes, Urrutia y Bustamante et ancien Ministre de la Justice).<\/p>\n<p>Cliquez\u00a0<img loading=\"lazy\" decoding=\"async\" src=\"https:\/\/www.unidroit.org\/images\/arrows\/black-right-01.gif\" alt=\"black right 01\" width=\"12\" height=\"12\" \/>\u00a0<a href=\"https:\/\/www.unidroit.org\/spanish\/news\/2017\/170314-intcommarb-santiago\/programme-s.pdf\">ici<\/a>\u00a0pour plus d\u2019informations et visiter la galerie de photos<\/p>\n<p>&nbsp;<\/p>\n<table>\n<tbody>\n<tr>\n<td><img loading=\"lazy\" decoding=\"async\" src=\"https:\/\/www.unidroit.org\/spanish\/news\/2017\/170314-intcommarb-santiago\/pict01.jpg\" alt=\"pict01\" width=\"250\" height=\"182\" \/><\/td>\n<td><\/td>\n<td><img loading=\"lazy\" decoding=\"async\" src=\"https:\/\/www.unidroit.org\/spanish\/news\/2017\/170314-intcommarb-santiago\/pict02.jpg\" alt=\"pict02\" width=\"260\" height=\"182\" \/><\/td>\n<\/tr>\n<tr>\n<td><em>M. Jos\u00e9 Angelo Estrella Faria (Secr\u00e9taire G\u00e9n\u00e9ral<br \/>\nd\u2019UNIDROIT) durant son intervention<\/em><em>.<\/em><\/td>\n<td><\/td>\n<td><em>De gauche \u00e0 droite : Jos\u00e9 Carlos Fern\u00e1ndez Rozas<br \/>\n(Professeur, Universit\u00e9 complutense de Madrid), Jos\u00e9<br \/>\nAngelo Estrella Faria (Secr\u00e9taire G\u00e9n\u00e9ral d\u2019UNIDROIT),<br \/>\nJorge Oviedo Alb\u00e1n (Universit\u00e9 de la Sabana).<\/em><\/td>\n<\/tr>\n<\/tbody>\n<\/table>\n","protected":false},"excerpt":{"rendered":"<p>Le 14 mars 2017, le Secr\u00e9taire G\u00e9n\u00e9ral d\u2019UNIDROIT, Jos\u00e9 Angelo Estrella Faria, a fait une pr\u00e9sentation intitul\u00e9e \u201cThe Application of Non-State Laws to International Commercial Arbitration\u201d, lors d\u2019une conf\u00e9rence organis\u00e9e par l\u2019Universit\u00e9 de Talca (Chili) \u00e0 la Chambre de commerce de Santiago dans le cadre&nbsp;<a href=\"https:\/\/www.unidroit.org\/fr\/le-secretaire-general-dunidroit-a-la-conference-sur-larbitrage-commercial-et-larbitrage-commercial-international-a-santiago\/\">&hellip;<\/a><\/p>\n","protected":false},"author":5,"featured_media":0,"comment_status":"closed","ping_status":"closed","sticky":false,"template":"","format":"standard","meta":{"ep_exclude_from_search":false,"footnotes":""},"categories":[79],"tags":[],"class_list":["post-7875","post","type-post","status-publish","format-standard","hentry","category-actualites","odd"],"_links":{"self":[{"href":"https:\/\/www.unidroit.org\/fr\/wp-json\/wp\/v2\/posts\/7875","targetHints":{"allow":["GET"]}}],"collection":[{"href":"https:\/\/www.unidroit.org\/fr\/wp-json\/wp\/v2\/posts"}],"about":[{"href":"https:\/\/www.unidroit.org\/fr\/wp-json\/wp\/v2\/types\/post"}],"author":[{"embeddable":true,"href":"https:\/\/www.unidroit.org\/fr\/wp-json\/wp\/v2\/users\/5"}],"replies":[{"embeddable":true,"href":"https:\/\/www.unidroit.org\/fr\/wp-json\/wp\/v2\/comments?post=7875"}],"version-history":[{"count":0,"href":"https:\/\/www.unidroit.org\/fr\/wp-json\/wp\/v2\/posts\/7875\/revisions"}],"wp:attachment":[{"href":"https:\/\/www.unidroit.org\/fr\/wp-json\/wp\/v2\/media?parent=7875"}],"wp:term":[{"taxonomy":"category","embeddable":true,"href":"https:\/\/www.unidroit.org\/fr\/wp-json\/wp\/v2\/categories?post=7875"},{"taxonomy":"post_tag","embeddable":true,"href":"https:\/\/www.unidroit.org\/fr\/wp-json\/wp\/v2\/tags?post=7875"}],"curies":[{"name":"wp","href":"https:\/\/api.w.org\/{rel}","templated":true}]}}