{"id":7896,"date":"2017-02-27T09:39:51","date_gmt":"2017-02-27T09:39:51","guid":{"rendered":"https:\/\/www.unidroit.org\/?p=7896"},"modified":"2021-08-18T10:30:10","modified_gmt":"2021-08-18T10:30:10","slug":"reunion-internationale-de-coordination-sur-le-patrimoine-culturel-dans-les-zones-liberees-diraq","status":"publish","type":"post","link":"https:\/\/www.unidroit.org\/fr\/reunion-internationale-de-coordination-sur-le-patrimoine-culturel-dans-les-zones-liberees-diraq\/","title":{"rendered":"REUNION INTERNATIONALE DE COORDINATION SUR LE PATRIMOINE CULTUREL DANS LES ZONES LIBEREES D&#8217;IRAQ"},"content":{"rendered":"<p>Apr\u00e8s que le bureau r\u00e9gional de l\u2019UNESCO ait dirig\u00e9 une\u00a0mission d&#8217;\u00e9valuation rapide sur le site arch\u00e9ologique de Nimroud,\u00a0le 14 d\u00e9cembre 2016, pour \u00e9valuer\u00a0l&#8217;\u00e9tendue des dommages r\u00e9sultant de destructions d\u00e9lib\u00e9r\u00e9es sur le site par le groupe extr\u00e9miste ISIS\/Daesh au cours des 2 derni\u00e8res,\u00a0les actions de sauvegarde et de r\u00e9tablissement \u00e0 plus long terme du site seront pr\u00e9sent\u00e9es par l&#8217;UNESCO et discut\u00e9es avec les principaux partenaires nationaux et internationaux, en ce compris\u00a0UNIDROIT,\u00a0lors d&#8217;une r\u00e9union internationale de coordination sur le patrimoine culturel dans les zones lib\u00e9r\u00e9es d\u2019Iraq, tenue au si\u00e8ge de l&#8217;UNESCO \u00e0 Paris les 23-24 f\u00e9vrier 2017.<\/p>\n<p><a href=\"http:\/\/en.unesco.org\/news\/unesco-director-general-sends-rapid-assessment-mission-nimrud-archaeological-site-iraq\" target=\"_blank\" rel=\"noopener\"><img loading=\"lazy\" decoding=\"async\" src=\"https:\/\/www.unidroit.org\/images\/arrows\/black-right-01.gif\" alt=\"black right 01\" width=\"12\" height=\"12\" \/><\/a>\u00a0<a href=\"http:\/\/fr.unesco.org\/news\/directrice-generale-unesco-envoie-mission-evaluation-rapide-site-archeologique-nimroud-iraq\" target=\"_blank\" rel=\"noopener\">Plus d\u2019information<\/a><\/p>\n<p><img loading=\"lazy\" decoding=\"async\" src=\"https:\/\/www.unidroit.org\/english\/news\/2017\/170223-cp-iraq-unesco-paris\/pict02.jpg\" alt=\"pict02\" width=\"500\" height=\"193\" \/><\/p>\n<p><em>La Directrice G\u00e9n\u00e9rale de l&#8217;UNESCO Mme Irina Bokova faisant son discours.<\/em><\/p>\n<p>&nbsp;<\/p>\n","protected":false},"excerpt":{"rendered":"<p>Apr\u00e8s que le bureau r\u00e9gional de l\u2019UNESCO ait dirig\u00e9 une\u00a0mission d&#8217;\u00e9valuation rapide sur le site arch\u00e9ologique de Nimroud,\u00a0le 14 d\u00e9cembre 2016, pour \u00e9valuer\u00a0l&#8217;\u00e9tendue des dommages r\u00e9sultant de destructions d\u00e9lib\u00e9r\u00e9es sur le site par le groupe extr\u00e9miste ISIS\/Daesh au cours des 2 derni\u00e8res,\u00a0les actions de sauvegarde&nbsp;<a href=\"https:\/\/www.unidroit.org\/fr\/reunion-internationale-de-coordination-sur-le-patrimoine-culturel-dans-les-zones-liberees-diraq\/\">&hellip;<\/a><\/p>\n","protected":false},"author":5,"featured_media":0,"comment_status":"closed","ping_status":"closed","sticky":false,"template":"","format":"standard","meta":{"ep_exclude_from_search":false,"footnotes":""},"categories":[79],"tags":[],"class_list":["post-7896","post","type-post","status-publish","format-standard","hentry","category-actualites","odd"],"_links":{"self":[{"href":"https:\/\/www.unidroit.org\/fr\/wp-json\/wp\/v2\/posts\/7896","targetHints":{"allow":["GET"]}}],"collection":[{"href":"https:\/\/www.unidroit.org\/fr\/wp-json\/wp\/v2\/posts"}],"about":[{"href":"https:\/\/www.unidroit.org\/fr\/wp-json\/wp\/v2\/types\/post"}],"author":[{"embeddable":true,"href":"https:\/\/www.unidroit.org\/fr\/wp-json\/wp\/v2\/users\/5"}],"replies":[{"embeddable":true,"href":"https:\/\/www.unidroit.org\/fr\/wp-json\/wp\/v2\/comments?post=7896"}],"version-history":[{"count":0,"href":"https:\/\/www.unidroit.org\/fr\/wp-json\/wp\/v2\/posts\/7896\/revisions"}],"wp:attachment":[{"href":"https:\/\/www.unidroit.org\/fr\/wp-json\/wp\/v2\/media?parent=7896"}],"wp:term":[{"taxonomy":"category","embeddable":true,"href":"https:\/\/www.unidroit.org\/fr\/wp-json\/wp\/v2\/categories?post=7896"},{"taxonomy":"post_tag","embeddable":true,"href":"https:\/\/www.unidroit.org\/fr\/wp-json\/wp\/v2\/tags?post=7896"}],"curies":[{"name":"wp","href":"https:\/\/api.w.org\/{rel}","templated":true}]}}