{"id":7909,"date":"2017-02-13T09:43:17","date_gmt":"2017-02-13T09:43:17","guid":{"rendered":"https:\/\/www.unidroit.org\/?p=7909"},"modified":"2021-08-18T10:30:11","modified_gmt":"2021-08-18T10:30:11","slug":"4th-eu-cultnet-meeting","status":"publish","type":"post","link":"https:\/\/www.unidroit.org\/fr\/4th-eu-cultnet-meeting\/","title":{"rendered":"4TH EU CULTNET MEETING"},"content":{"rendered":"<p>Les 8 et 9 f\u00e9vrier 2017, UNIDROIT a pris part \u00e0 une conf\u00e9rence de deux jours intitul\u00e9e: &#8221;\u00a0Autorit\u00e9s charg\u00e9es de l&#8217;application de la loi et comp\u00e9tents dans le domaine des biens culturels\u00a0\u00bb. La r\u00e9union avait pour objectif de faire aboutir les initiatives prises par le\u00a0mandat\u00a0EU CULTNET pour am\u00e9liorer l\u2019efficacit\u00e9 des mesures pr\u00e9ventives dans la lutte contre les infractions relatives aux biens culturels \u00e0 plusieurs niveaux, tel que\u00a0d\u00e9fini dans le programme de travail \u00e9tabli pour l\u2019ann\u00e9e 2017 and dans le cadre de la r\u00e9solution du Conseil doc. No.14232\/12 du 04\/10\/2012.<\/p>\n<p>Mme Marine Schneider,\u00a0Juriste principale\u00a0d\u2019UNIDROIT, a \u00e9galement rencontr\u00e9 Dr. Owen Bonnici, Ministre de la Justice, Culture et Gouvernance locale, Dr. Peter Gretch, Procureur G\u00e9n\u00e9ral, Mme Catherine Tabone, Directeur-Culture et Mr Nathaniel Cutajar, Superintendance du patrimoine culturel.<\/p>\n<p><a href=\"http:\/\/www.unesco.org\/%E2%80%A6\/illicit%E2%80%A6\/partnerships\/european-union\" target=\"_blank\" rel=\"noopener\"><img loading=\"lazy\" decoding=\"async\" src=\"https:\/\/www.unidroit.org\/images\/arrows\/black-right-01.gif\" alt=\"black right 01\" width=\"12\" height=\"12\" \/><\/a>\u00a0<a href=\"https:\/\/www.eu2017.mt\/%E2%80%A6\/Law-Enforcement-Authorities-and-Exp%E2%80%A6\" target=\"_blank\" rel=\"noopener\">Plus d\u2019information<\/a><\/p>\n<p><a href=\"http:\/\/www.unesco.org\/%E2%80%A6\/illicit%E2%80%A6\/partnerships\/european-union\" target=\"_blank\" rel=\"noopener\"><img loading=\"lazy\" decoding=\"async\" src=\"https:\/\/www.unidroit.org\/images\/arrows\/black-right-01.gif\" alt=\"black right 01\" width=\"12\" height=\"12\" \/><\/a>\u00a0<a href=\"http:\/\/www.unesco.org\/%E2%80%A6\/illicit%E2%80%A6\/partnerships\/european-union\" target=\"_blank\" rel=\"noopener\">EU CULTNET<\/a><\/p>\n<p><img loading=\"lazy\" decoding=\"async\" src=\"https:\/\/www.unidroit.org\/english\/news\/2017\/170208-eu-cultnet-malta\/pict01.jpg\" alt=\"pict01\" width=\"400\" height=\"234\" \/><\/p>\n<p><em>Corrado Catesi, Directeur, Section Oeuvres d\u2019art, INTERPOL.<\/em><\/p>\n","protected":false},"excerpt":{"rendered":"<p>Les 8 et 9 f\u00e9vrier 2017, UNIDROIT a pris part \u00e0 une conf\u00e9rence de deux jours intitul\u00e9e: &#8221;\u00a0Autorit\u00e9s charg\u00e9es de l&#8217;application de la loi et comp\u00e9tents dans le domaine des biens culturels\u00a0\u00bb. La r\u00e9union avait pour objectif de faire aboutir les initiatives prises par le\u00a0mandat\u00a0EU&nbsp;<a href=\"https:\/\/www.unidroit.org\/fr\/4th-eu-cultnet-meeting\/\">&hellip;<\/a><\/p>\n","protected":false},"author":5,"featured_media":0,"comment_status":"closed","ping_status":"closed","sticky":false,"template":"","format":"standard","meta":{"ep_exclude_from_search":false,"footnotes":""},"categories":[79],"tags":[],"class_list":["post-7909","post","type-post","status-publish","format-standard","hentry","category-actualites","odd"],"_links":{"self":[{"href":"https:\/\/www.unidroit.org\/fr\/wp-json\/wp\/v2\/posts\/7909","targetHints":{"allow":["GET"]}}],"collection":[{"href":"https:\/\/www.unidroit.org\/fr\/wp-json\/wp\/v2\/posts"}],"about":[{"href":"https:\/\/www.unidroit.org\/fr\/wp-json\/wp\/v2\/types\/post"}],"author":[{"embeddable":true,"href":"https:\/\/www.unidroit.org\/fr\/wp-json\/wp\/v2\/users\/5"}],"replies":[{"embeddable":true,"href":"https:\/\/www.unidroit.org\/fr\/wp-json\/wp\/v2\/comments?post=7909"}],"version-history":[{"count":0,"href":"https:\/\/www.unidroit.org\/fr\/wp-json\/wp\/v2\/posts\/7909\/revisions"}],"wp:attachment":[{"href":"https:\/\/www.unidroit.org\/fr\/wp-json\/wp\/v2\/media?parent=7909"}],"wp:term":[{"taxonomy":"category","embeddable":true,"href":"https:\/\/www.unidroit.org\/fr\/wp-json\/wp\/v2\/categories?post=7909"},{"taxonomy":"post_tag","embeddable":true,"href":"https:\/\/www.unidroit.org\/fr\/wp-json\/wp\/v2\/tags?post=7909"}],"curies":[{"name":"wp","href":"https:\/\/api.w.org\/{rel}","templated":true}]}}