{"id":7916,"date":"2017-02-06T09:45:15","date_gmt":"2017-02-06T09:45:15","guid":{"rendered":"https:\/\/www.unidroit.org\/?p=7916"},"modified":"2021-08-18T10:30:11","modified_gmt":"2021-08-18T10:30:11","slug":"le-secretaire-general-participe-aux-etats-generaux-de-la-recherche-sur-le-droit-et-la-justice","status":"publish","type":"post","link":"https:\/\/www.unidroit.org\/fr\/le-secretaire-general-participe-aux-etats-generaux-de-la-recherche-sur-le-droit-et-la-justice\/","title":{"rendered":"LE SECRETAIRE GENERAL PARTICIPE AUX ETATS GENERAUX DE LA RECHERCHE SUR LE DROIT ET LA JUSTICE"},"content":{"rendered":"<p>Le 30 janvier 2017, le Secr\u00e9taire G\u00e9n\u00e9ral, Jos\u00e9 Angelo Estrella Faria, a particip\u00e9 aux Etats G\u00e9n\u00e9raux de la Recherche sur le Droit et la Justice qui se sont tenus \u00e0 Paris (30 janvier \u2013 2 f\u00e9vrier 2017), organis\u00e9s par le Minist\u00e8re fran\u00e7ais de la justice et le Minist\u00e8re de l\u2019\u00e9ducation, la Mission de recherche Droit et Justice (une initiative conjointe du CNRS et du Minist\u00e8re de la justice), l\u2019Ecole nationale de la magistrature et le CNRS.<\/p>\n<p><img loading=\"lazy\" decoding=\"async\" src=\"https:\/\/www.unidroit.org\/french\/news\/2017\/170130-droit-justice-paris\/pict01.jpg\" alt=\"pict01\" width=\"150\" height=\"212\" \/>Le Secr\u00e9taire G\u00e9n\u00e9ral a si\u00e9g\u00e9\u00a0 \u00e0 une table ronde pr\u00e9sid\u00e9e par B\u00e9n\u00e9dicte Fauvarque-Cosson (Professeure de droit priv\u00e9, Universit\u00e9 Paris II Panth\u00e9on-Assas et Directrice scientifique des Etats G\u00e9n\u00e9raux) intitul\u00e9e \u201cL\u2019internationalisation de la recherche et de l\u2019\u00e9ducation\u201d avec des discussions sur l\u2019enseignement du droit dans une soci\u00e9t\u00e9 globalis\u00e9e et les nouveaux centres de recherche aux niveaux europ\u00e9en et mondial. Le Secr\u00e9taire G\u00e9n\u00e9ral a fait une pr\u00e9sentation sur le th\u00e8me suivant, \u201cLa recherche dans les organisations internationales, l\u2019exemple d\u2019Unidroit\u201d, \u00e0 c\u00f4t\u00e9 d\u2019autres contributions comme celles de Massimo Vogliotti (Professeur de philosophie juridique, Universit\u00e9 du Pi\u00e9mont oriental), Marc Cl\u00e9ment (Magistrat, Premier conseiller \u00e0 la Cour administrative d\u2019appel de Lyon, membre de l\u2019European Law Institute), Sylvaine Peruzetto (Directrice de la Soci\u00e9t\u00e9 de l\u00e9gislation compar\u00e9e, conseill\u00e8re extraordinaire aupr\u00e8s de la Cour de cassation), Lo\u00efc Cadiet (Pr\u00e9sident de l\u2019Association internationale de droit processuel, Professeur de droit priv\u00e9, Universit\u00e9 Paris I Panth\u00e9on-Sorbonne), Diego Fern\u00e1ndez-Arroyo (Secr\u00e9taire G\u00e9n\u00e9ral de l\u2019Acad\u00e9mie internationale de droit compar\u00e9), Laure B\u00e9langer (Magistrat, Directrice G\u00e9n\u00e9rale de la Fondation pour le droit continental), Renaud Sorieul (Secr\u00e9taire de la\u00a0<a href=\"http:\/\/www.uncitral.org\/uncitral\/index.html\" target=\"_blank\" rel=\"noopener\">Commission des Nations Unies pour le droit commercial international)\u00a0<\/a>\u00a0\u00a0et Emmanuel Jolivet (Conseiller g\u00e9n\u00e9ral de la Chambre de commerce internatio\u00adnale et de la Cour internationale d\u2019arbitrage).<\/p>\n<p><a href=\"https:\/\/www.unidroit.org\/french\/news\/2017\/170130-droit-justice-paris\/programme-f.pdf\"><img loading=\"lazy\" decoding=\"async\" src=\"https:\/\/www.unidroit.org\/images\/arrows\/black-right-01.gif\" alt=\"black right 01\" width=\"12\" height=\"12\" \/><\/a>\u00a0Lien au\u00a0<a href=\"https:\/\/www.unidroit.org\/french\/news\/2017\/170130-droit-justice-paris\/programme-f.pdf\">programme<\/a><\/p>\n<p><a href=\"https:\/\/www.unidroit.org\/french\/news\/2017\/170130-droit-justice-paris\/programme-f.pdf\"><img loading=\"lazy\" decoding=\"async\" src=\"https:\/\/www.unidroit.org\/images\/arrows\/black-right-01.gif\" alt=\"black right 01\" width=\"12\" height=\"12\" \/><\/a>\u00a0Lien au\u00a0<a href=\"https:\/\/webcast.in2p3.fr\/videos-table_ronde_l_internationalisation_de_la_recherche_et_de_l_enseignement\" target=\"_blank\" rel=\"noopener\">webcast de la Table Ronde<\/a><\/p>\n","protected":false},"excerpt":{"rendered":"<p>Le 30 janvier 2017, le Secr\u00e9taire G\u00e9n\u00e9ral, Jos\u00e9 Angelo Estrella Faria, a particip\u00e9 aux Etats G\u00e9n\u00e9raux de la Recherche sur le Droit et la Justice qui se sont tenus \u00e0 Paris (30 janvier \u2013 2 f\u00e9vrier 2017), organis\u00e9s par le Minist\u00e8re fran\u00e7ais de la justice&nbsp;<a href=\"https:\/\/www.unidroit.org\/fr\/le-secretaire-general-participe-aux-etats-generaux-de-la-recherche-sur-le-droit-et-la-justice\/\">&hellip;<\/a><\/p>\n","protected":false},"author":5,"featured_media":0,"comment_status":"closed","ping_status":"closed","sticky":false,"template":"","format":"standard","meta":{"ep_exclude_from_search":false,"footnotes":""},"categories":[79],"tags":[],"class_list":["post-7916","post","type-post","status-publish","format-standard","hentry","category-actualites","odd"],"_links":{"self":[{"href":"https:\/\/www.unidroit.org\/fr\/wp-json\/wp\/v2\/posts\/7916","targetHints":{"allow":["GET"]}}],"collection":[{"href":"https:\/\/www.unidroit.org\/fr\/wp-json\/wp\/v2\/posts"}],"about":[{"href":"https:\/\/www.unidroit.org\/fr\/wp-json\/wp\/v2\/types\/post"}],"author":[{"embeddable":true,"href":"https:\/\/www.unidroit.org\/fr\/wp-json\/wp\/v2\/users\/5"}],"replies":[{"embeddable":true,"href":"https:\/\/www.unidroit.org\/fr\/wp-json\/wp\/v2\/comments?post=7916"}],"version-history":[{"count":0,"href":"https:\/\/www.unidroit.org\/fr\/wp-json\/wp\/v2\/posts\/7916\/revisions"}],"wp:attachment":[{"href":"https:\/\/www.unidroit.org\/fr\/wp-json\/wp\/v2\/media?parent=7916"}],"wp:term":[{"taxonomy":"category","embeddable":true,"href":"https:\/\/www.unidroit.org\/fr\/wp-json\/wp\/v2\/categories?post=7916"},{"taxonomy":"post_tag","embeddable":true,"href":"https:\/\/www.unidroit.org\/fr\/wp-json\/wp\/v2\/tags?post=7916"}],"curies":[{"name":"wp","href":"https:\/\/api.w.org\/{rel}","templated":true}]}}