{"id":7926,"date":"2017-01-16T09:48:05","date_gmt":"2017-01-16T09:48:05","guid":{"rendered":"https:\/\/www.unidroit.org\/?p=7926"},"modified":"2021-08-18T10:30:12","modified_gmt":"2021-08-18T10:30:12","slug":"reunion-du-comite-sur-les-infractions-visant-les-biens-culturels-2","status":"publish","type":"post","link":"https:\/\/www.unidroit.org\/fr\/reunion-du-comite-sur-les-infractions-visant-les-biens-culturels-2\/","title":{"rendered":"REUNION DU COMIT\u00c9 SUR LES INFRACTIONS VISANT LES BIENS CULTURELS"},"content":{"rendered":"<p>Du 9-12 Janvier 2017, le Conseil de l&#8217;Europe a re\u00e7u la troisi\u00e8me Assembl\u00e9e Pl\u00e9ni\u00e8re pour la r\u00e9daction d\u2019une\u00a0nouvelle Convention sur les infractions\u00a0p\u00e9nales en vue de lutter contre le traffic illicite de la propri\u00e9t\u00e9 culturelle.<\/p>\n<p>Mme Marine Scheider,\u00a0Juriste principale\u00a0et D\u00e9positaire des Trait\u00e9s d\u2019UNIDROIT, a contribu\u00e9 au travail du\u00a0Comit\u00e9 sur les Infractions visant les Biens Culturels.<\/p>\n<p><a href=\"http:\/\/www.coe.int\/t\/dghl\/standardsetting\/cdpc\/pc_ibc_FR.asp\" target=\"_blank\" rel=\"noopener\"><img loading=\"lazy\" decoding=\"async\" src=\"https:\/\/www.unidroit.org\/images\/arrows\/black-right-01.gif\" alt=\"black right 01\" width=\"12\" height=\"12\" \/><\/a>\u00a0<a href=\"http:\/\/www.coe.int\/t\/dghl\/standardsetting\/cdpc\/pc_ibc_FR.asp\" target=\"_blank\" rel=\"noopener\">Plus d\u2019informations<\/a><\/p>\n<p><a href=\"http:\/\/www.coe.int\/t\/dghl\/standardsetting\/cdpc\/pc_ibc_FR.asp\" target=\"_blank\" rel=\"noopener\"><img loading=\"lazy\" decoding=\"async\" src=\"https:\/\/www.unidroit.org\/images\/arrows\/black-right-01.gif\" alt=\"black right 01\" width=\"12\" height=\"12\" \/><\/a>\u00a0<a href=\"http:\/\/www.coe.int\/t\/dghl\/standardsetting\/cdpc\/PC-IBC\/PC-IBC%20(2016)OJ3_prov_en.pdf\" target=\"_blank\" rel=\"noopener\">Projet de programme<\/a>\u00a0[<em>en anglais<\/em>]<\/p>\n<p><img loading=\"lazy\" decoding=\"async\" src=\"https:\/\/www.unidroit.org\/english\/news\/2017\/170109-ce-cp-offences\/pict01.jpg\" alt=\"pict01\" width=\"430\" height=\"190\" \/><\/p>\n<p><em>Photo de la salle de la conf\u00e9rence<\/em><\/p>\n<p>&nbsp;<\/p>\n","protected":false},"excerpt":{"rendered":"<p>Du 9-12 Janvier 2017, le Conseil de l&#8217;Europe a re\u00e7u la troisi\u00e8me Assembl\u00e9e Pl\u00e9ni\u00e8re pour la r\u00e9daction d\u2019une\u00a0nouvelle Convention sur les infractions\u00a0p\u00e9nales en vue de lutter contre le traffic illicite de la propri\u00e9t\u00e9 culturelle. Mme Marine Scheider,\u00a0Juriste principale\u00a0et D\u00e9positaire des Trait\u00e9s d\u2019UNIDROIT, a contribu\u00e9 au&nbsp;<a href=\"https:\/\/www.unidroit.org\/fr\/reunion-du-comite-sur-les-infractions-visant-les-biens-culturels-2\/\">&hellip;<\/a><\/p>\n","protected":false},"author":5,"featured_media":9506,"comment_status":"closed","ping_status":"closed","sticky":false,"template":"","format":"standard","meta":{"ep_exclude_from_search":false,"footnotes":""},"categories":[79],"tags":[],"class_list":["post-7926","post","type-post","status-publish","format-standard","has-post-thumbnail","hentry","category-actualites","odd"],"_links":{"self":[{"href":"https:\/\/www.unidroit.org\/fr\/wp-json\/wp\/v2\/posts\/7926","targetHints":{"allow":["GET"]}}],"collection":[{"href":"https:\/\/www.unidroit.org\/fr\/wp-json\/wp\/v2\/posts"}],"about":[{"href":"https:\/\/www.unidroit.org\/fr\/wp-json\/wp\/v2\/types\/post"}],"author":[{"embeddable":true,"href":"https:\/\/www.unidroit.org\/fr\/wp-json\/wp\/v2\/users\/5"}],"replies":[{"embeddable":true,"href":"https:\/\/www.unidroit.org\/fr\/wp-json\/wp\/v2\/comments?post=7926"}],"version-history":[{"count":0,"href":"https:\/\/www.unidroit.org\/fr\/wp-json\/wp\/v2\/posts\/7926\/revisions"}],"wp:featuredmedia":[{"embeddable":true,"href":"https:\/\/www.unidroit.org\/fr\/wp-json\/wp\/v2\/media\/9506"}],"wp:attachment":[{"href":"https:\/\/www.unidroit.org\/fr\/wp-json\/wp\/v2\/media?parent=7926"}],"wp:term":[{"taxonomy":"category","embeddable":true,"href":"https:\/\/www.unidroit.org\/fr\/wp-json\/wp\/v2\/categories?post=7926"},{"taxonomy":"post_tag","embeddable":true,"href":"https:\/\/www.unidroit.org\/fr\/wp-json\/wp\/v2\/tags?post=7926"}],"curies":[{"name":"wp","href":"https:\/\/api.w.org\/{rel}","templated":true}]}}