{"id":7946,"date":"2016-12-02T10:01:33","date_gmt":"2016-12-02T10:01:33","guid":{"rendered":"https:\/\/www.unidroit.org\/?p=7946"},"modified":"2021-08-18T10:53:29","modified_gmt":"2021-08-18T10:53:29","slug":"reunion-regionale-pour-lutter-contre-le-trafic-illicite-des-biens-culturels-28-novembre-2-decembre-antigua","status":"publish","type":"post","link":"https:\/\/www.unidroit.org\/fr\/reunion-regionale-pour-lutter-contre-le-trafic-illicite-des-biens-culturels-28-novembre-2-decembre-antigua\/","title":{"rendered":"REUNION REGIONALE POUR LUTTER CONTRE LE TRAFIC ILLICITE DES BIENS CULTURELS, 28 NOVEMBRE &#8211; 2 DECEMBRE, ANTIGUA"},"content":{"rendered":"<p>Mme Marina Schneider, Fonctionnaire juridique principal et D\u00e9positaire des trait\u00e9s d\u2019UNIDROIT, a particip\u00e9 \u00e0 la r\u00e9union r\u00e9gionale pour lutter contre le trafic illicite des biens culturels, qui s\u2019est tenue \u00e0 Antigua (Guatemala) du 28 novembre au 2 d\u00e9cembre 2016.<\/p>\n<p>La rencontre avait pour objet la cr\u00e9ation d\u2019un r\u00e9seau r\u00e9gional op\u00e9rationnel en Am\u00e9rique centrale visant \u00e0 poursuivre les efforts pour lutter contre le trafic illicite des biens culturels gr\u00e2ce \u00e0 la coop\u00e9ration internationale et inter-institutionnelle. Ce cadre promeut \u00e9galement la cr\u00e9ation des m\u00e9canismes requis pour mettre en \u0153uvre de fa\u00e7on ad\u00e9quate la Convention de l\u2019UNESCO de 1970 et la Convention d\u2019UNIDROIT de 1995.<\/p>\n<p>Des experts de l\u2019UNESCO, de l\u2019OMD, d\u2019INTERPOL et de l\u2019ICOM, entre autres, \u00e9taient pr\u00e9sents \u00e0 la r\u00e9union.<\/p>\n<p><img loading=\"lazy\" decoding=\"async\" src=\"https:\/\/www.unidroit.org\/images\/arrows\/black-right-02.gif\" alt=\"black right 02\" width=\"15\" height=\"6\" \/>\u00a0<a href=\"http:\/\/www.lacult.unesco.org\/noticias\/showitem.php?lg=2&amp;id=4848\" target=\"_blank\" rel=\"noopener\">Plus d&#8217;informations<\/a><\/p>\n<table>\n<tbody>\n<tr>\n<td><a title=\"Agrandir l&#039;image\" href=\"https:\/\/www.unidroit.org\/english\/news\/2016\/20161128-cp-illicit-traffic-antigua\/pict01.jpg\"><img loading=\"lazy\" decoding=\"async\" src=\"https:\/\/www.unidroit.org\/english\/news\/2016\/20161128-cp-illicit-traffic-antigua\/pict01.jpg\" alt=\"pict01\" width=\"418\" height=\"243\" \/><\/a><\/td>\n<\/tr>\n<\/tbody>\n<\/table>\n<p><em>Photo du public assis<\/em><\/p>\n","protected":false},"excerpt":{"rendered":"<p>Mme Marina Schneider, Fonctionnaire juridique principal et D\u00e9positaire des trait\u00e9s d\u2019UNIDROIT, a particip\u00e9 \u00e0 la r\u00e9union r\u00e9gionale pour lutter contre le trafic illicite des biens culturels, qui s\u2019est tenue \u00e0 Antigua (Guatemala) du 28 novembre au 2 d\u00e9cembre 2016. La rencontre avait pour objet la&nbsp;<a href=\"https:\/\/www.unidroit.org\/fr\/reunion-regionale-pour-lutter-contre-le-trafic-illicite-des-biens-culturels-28-novembre-2-decembre-antigua\/\">&hellip;<\/a><\/p>\n","protected":false},"author":5,"featured_media":0,"comment_status":"closed","ping_status":"closed","sticky":false,"template":"","format":"standard","meta":{"ep_exclude_from_search":false,"footnotes":""},"categories":[79],"tags":[],"class_list":["post-7946","post","type-post","status-publish","format-standard","hentry","category-actualites","odd"],"_links":{"self":[{"href":"https:\/\/www.unidroit.org\/fr\/wp-json\/wp\/v2\/posts\/7946","targetHints":{"allow":["GET"]}}],"collection":[{"href":"https:\/\/www.unidroit.org\/fr\/wp-json\/wp\/v2\/posts"}],"about":[{"href":"https:\/\/www.unidroit.org\/fr\/wp-json\/wp\/v2\/types\/post"}],"author":[{"embeddable":true,"href":"https:\/\/www.unidroit.org\/fr\/wp-json\/wp\/v2\/users\/5"}],"replies":[{"embeddable":true,"href":"https:\/\/www.unidroit.org\/fr\/wp-json\/wp\/v2\/comments?post=7946"}],"version-history":[{"count":0,"href":"https:\/\/www.unidroit.org\/fr\/wp-json\/wp\/v2\/posts\/7946\/revisions"}],"wp:attachment":[{"href":"https:\/\/www.unidroit.org\/fr\/wp-json\/wp\/v2\/media?parent=7946"}],"wp:term":[{"taxonomy":"category","embeddable":true,"href":"https:\/\/www.unidroit.org\/fr\/wp-json\/wp\/v2\/categories?post=7946"},{"taxonomy":"post_tag","embeddable":true,"href":"https:\/\/www.unidroit.org\/fr\/wp-json\/wp\/v2\/tags?post=7946"}],"curies":[{"name":"wp","href":"https:\/\/api.w.org\/{rel}","templated":true}]}}