{"id":7959,"date":"2016-11-29T10:04:40","date_gmt":"2016-11-29T10:04:40","guid":{"rendered":"https:\/\/www.unidroit.org\/?p=7959"},"modified":"2021-08-18T10:53:30","modified_gmt":"2021-08-18T10:53:30","slug":"reunion-conjointe-eli-unidroit-du-comite-pilote-avec-les-rapporteurs-les-membres-les-conseillers-et-les-observateurs-du-groupe-de-travail-21-22-novembre-2016","status":"publish","type":"post","link":"https:\/\/www.unidroit.org\/fr\/reunion-conjointe-eli-unidroit-du-comite-pilote-avec-les-rapporteurs-les-membres-les-conseillers-et-les-observateurs-du-groupe-de-travail-21-22-novembre-2016\/","title":{"rendered":"REUNION CONJOINTE ELI-UNIDROIT DU COMITE PILOTE AVEC LES RAPPORTEURS, LES MEMBRES, LES CONSEILLERS ET LES OBSERVATEURS DU GROUPE DE TRAVAIL, 21-22 NOVEMBRE 2016"},"content":{"rendered":"<p>Les membres du projet ELI-UNIDROIT intitule \u00ab Des principes transnationaux aux r\u00e8gles europ\u00e9ennes de proc\u00e9dure civile \u00bb se sont r\u00e9unis les 21 et 22 novembre \u00e0 Vienne pour discuter de l\u2019avancement des projets des trois premiers Groupes de travail (\u201cacc\u00e8s aux \u00e9l\u00e9ments d\u2019information et \u00e0 la preuve\u201d, \u201cnotification des documents processuels\u201d et \u201cmesures provisoires\u201d). Diana Wallis, Pr\u00e9sidente d\u2019ELI, et Anna Veneziano, Secr\u00e9taire G\u00e9n\u00e9ral adjoint d\u2019UNIDROIT, ont accueilli les Rapporteurs du projet, les membres, les conseillers et les observateurs des Groupes de travail.\u00a0 Des repr\u00e9sentants de la Commission europ\u00e9enne, du Parlement europ\u00e9en, du Conseil des barreaux europ\u00e9ens, de la Conf\u00e9rence de La Haye de droit international priv\u00e9, des membres du Conseil d\u2019UNIDROIT, des praticiens et des universitaires ont contribu\u00e9 \u00e0 la r\u00e9union avec des remarques et des commentaires int\u00e9ressants sur les projets de r\u00e8gles.<\/p>\n<p>Pour toute information sur la r\u00e9union cliquer\u00a0<img loading=\"lazy\" decoding=\"async\" src=\"https:\/\/www.unidroit.org\/images\/arrows\/black-right-01.gif\" alt=\"black right 01\" width=\"12\" height=\"12\" \/><a href=\"http:\/\/www.europeanlawinstitute.eu\/news\/news-contd\/article\/eli-unidroit-joint-meeting-of-the-steering-committee-with-working-group-reporters-members-advisers\/?tx_ttnews%5BbackPid%5D=179468&amp;cHash=a884c629e024610ccbf04bc42d011145\" target=\"_blank\" rel=\"noopener\">ici<\/a><\/p>\n<p>Pour toute information sur le projet cliquer\u00a0<img loading=\"lazy\" decoding=\"async\" src=\"https:\/\/www.unidroit.org\/images\/arrows\/black-right-01.gif\" alt=\"black right 01\" width=\"12\" height=\"12\" \/><a href=\"https:\/\/www.unidroit.org\/work-in-progress-studies\/current-studies\/transnational-civil-procedure\">ici<\/a><\/p>\n<p>&nbsp;<\/p>\n<table>\n<tbody>\n<tr>\n<td><img loading=\"lazy\" decoding=\"async\" src=\"https:\/\/www.unidroit.org\/english\/news\/2016\/20161121-eli-unidroit-vienna\/pict01.jpg\" alt=\"pict01\" width=\"260\" height=\"195\" \/><\/td>\n<td><\/td>\n<td><img loading=\"lazy\" decoding=\"async\" src=\"https:\/\/www.unidroit.org\/english\/news\/2016\/20161121-eli-unidroit-vienna\/pict02.jpg\" alt=\"pict02\" width=\"260\" height=\"195\" \/><\/td>\n<\/tr>\n<tr>\n<td><em>Le public dans la Salle Terrena du Palais Trautson \u00e0 Vienne<\/em><\/td>\n<td><\/td>\n<td><em>Comit\u00e9 pilote du Projet ELI-UNIDROIT<\/em><\/td>\n<\/tr>\n<\/tbody>\n<\/table>\n","protected":false},"excerpt":{"rendered":"<p>Les membres du projet ELI-UNIDROIT intitule \u00ab Des principes transnationaux aux r\u00e8gles europ\u00e9ennes de proc\u00e9dure civile \u00bb se sont r\u00e9unis les 21 et 22 novembre \u00e0 Vienne pour discuter de l\u2019avancement des projets des trois premiers Groupes de travail (\u201cacc\u00e8s aux \u00e9l\u00e9ments d\u2019information et \u00e0&nbsp;<a href=\"https:\/\/www.unidroit.org\/fr\/reunion-conjointe-eli-unidroit-du-comite-pilote-avec-les-rapporteurs-les-membres-les-conseillers-et-les-observateurs-du-groupe-de-travail-21-22-novembre-2016\/\">&hellip;<\/a><\/p>\n","protected":false},"author":5,"featured_media":0,"comment_status":"closed","ping_status":"closed","sticky":false,"template":"","format":"standard","meta":{"ep_exclude_from_search":false,"footnotes":""},"categories":[79],"tags":[],"class_list":["post-7959","post","type-post","status-publish","format-standard","hentry","category-actualites","odd"],"_links":{"self":[{"href":"https:\/\/www.unidroit.org\/fr\/wp-json\/wp\/v2\/posts\/7959","targetHints":{"allow":["GET"]}}],"collection":[{"href":"https:\/\/www.unidroit.org\/fr\/wp-json\/wp\/v2\/posts"}],"about":[{"href":"https:\/\/www.unidroit.org\/fr\/wp-json\/wp\/v2\/types\/post"}],"author":[{"embeddable":true,"href":"https:\/\/www.unidroit.org\/fr\/wp-json\/wp\/v2\/users\/5"}],"replies":[{"embeddable":true,"href":"https:\/\/www.unidroit.org\/fr\/wp-json\/wp\/v2\/comments?post=7959"}],"version-history":[{"count":0,"href":"https:\/\/www.unidroit.org\/fr\/wp-json\/wp\/v2\/posts\/7959\/revisions"}],"wp:attachment":[{"href":"https:\/\/www.unidroit.org\/fr\/wp-json\/wp\/v2\/media?parent=7959"}],"wp:term":[{"taxonomy":"category","embeddable":true,"href":"https:\/\/www.unidroit.org\/fr\/wp-json\/wp\/v2\/categories?post=7959"},{"taxonomy":"post_tag","embeddable":true,"href":"https:\/\/www.unidroit.org\/fr\/wp-json\/wp\/v2\/tags?post=7959"}],"curies":[{"name":"wp","href":"https:\/\/api.w.org\/{rel}","templated":true}]}}