{"id":7969,"date":"2016-11-24T10:07:13","date_gmt":"2016-11-24T10:07:13","guid":{"rendered":"https:\/\/www.unidroit.org\/?p=7969"},"modified":"2021-08-18T10:53:30","modified_gmt":"2021-08-18T10:53:30","slug":"unidroit-participe-a-une-formation-pour-la-bosnie-herzegovine-sur-la-protection-des-biens-culturels","status":"publish","type":"post","link":"https:\/\/www.unidroit.org\/fr\/unidroit-participe-a-une-formation-pour-la-bosnie-herzegovine-sur-la-protection-des-biens-culturels\/","title":{"rendered":"UNIDROIT PARTICIPE A UNE FORMATION POUR LA BOSNIE HERZEGOVINE SUR LA PROTECTION DES BIENS CULTURELS"},"content":{"rendered":"<p>Mme Marina Schneider, juriste principale d&#8217;UNIDROIT et D\u00e9positaire des trait\u00e9s, a particip\u00e9 \u00e0 l&#8217;atelier de renforcement des capacit\u00e9s organis\u00e9 par le Bureau r\u00e9gional de l&#8217;UNESCO pour la science et la culture en Europe (Venise) et les Carabinieri Comando Tutela Patrimonio Culturale (TPC) qui se tient \u00e0 Rome du 21 au 25 novembre 2016.<br \/>\nA cette occasion, le Gouvernement italien a restitu\u00e9 trois objets arch\u00e9ologiques saisis sur son territoire par les Carabinieri aux Gouvernements de l&#8217;Equateur et du Guatemala \u00e0 travers leurs Ambassades en Italie.<\/p>\n<table>\n<tbody>\n<tr>\n<td><a title=\"Agrandir l'image\" href=\"https:\/\/www.unidroit.org\/english\/news\/2016\/20161121-unesco-cctpc\/pict01.jpg\"><img loading=\"lazy\" decoding=\"async\" src=\"https:\/\/www.unidroit.org\/english\/news\/2016\/20161121-unesco-cctpc\/pict01.jpg\" alt=\"pict01\" width=\"400\" height=\"217\" \/><\/a><\/td>\n<\/tr>\n<tr>\n<td><em>Photo du public assis<\/em><\/td>\n<\/tr>\n<\/tbody>\n<\/table>\n","protected":false},"excerpt":{"rendered":"<p>Mme Marina Schneider, juriste principale d&#8217;UNIDROIT et D\u00e9positaire des trait\u00e9s, a particip\u00e9 \u00e0 l&#8217;atelier de renforcement des capacit\u00e9s organis\u00e9 par le Bureau r\u00e9gional de l&#8217;UNESCO pour la science et la culture en Europe (Venise) et les Carabinieri Comando Tutela Patrimonio Culturale (TPC) qui se tient&nbsp;<a href=\"https:\/\/www.unidroit.org\/fr\/unidroit-participe-a-une-formation-pour-la-bosnie-herzegovine-sur-la-protection-des-biens-culturels\/\">&hellip;<\/a><\/p>\n","protected":false},"author":5,"featured_media":0,"comment_status":"closed","ping_status":"closed","sticky":false,"template":"","format":"standard","meta":{"ep_exclude_from_search":false,"footnotes":""},"categories":[79],"tags":[],"class_list":["post-7969","post","type-post","status-publish","format-standard","hentry","category-actualites","odd"],"_links":{"self":[{"href":"https:\/\/www.unidroit.org\/fr\/wp-json\/wp\/v2\/posts\/7969","targetHints":{"allow":["GET"]}}],"collection":[{"href":"https:\/\/www.unidroit.org\/fr\/wp-json\/wp\/v2\/posts"}],"about":[{"href":"https:\/\/www.unidroit.org\/fr\/wp-json\/wp\/v2\/types\/post"}],"author":[{"embeddable":true,"href":"https:\/\/www.unidroit.org\/fr\/wp-json\/wp\/v2\/users\/5"}],"replies":[{"embeddable":true,"href":"https:\/\/www.unidroit.org\/fr\/wp-json\/wp\/v2\/comments?post=7969"}],"version-history":[{"count":0,"href":"https:\/\/www.unidroit.org\/fr\/wp-json\/wp\/v2\/posts\/7969\/revisions"}],"wp:attachment":[{"href":"https:\/\/www.unidroit.org\/fr\/wp-json\/wp\/v2\/media?parent=7969"}],"wp:term":[{"taxonomy":"category","embeddable":true,"href":"https:\/\/www.unidroit.org\/fr\/wp-json\/wp\/v2\/categories?post=7969"},{"taxonomy":"post_tag","embeddable":true,"href":"https:\/\/www.unidroit.org\/fr\/wp-json\/wp\/v2\/tags?post=7969"}],"curies":[{"name":"wp","href":"https:\/\/api.w.org\/{rel}","templated":true}]}}