{"id":7980,"date":"2016-11-11T10:10:16","date_gmt":"2016-11-11T10:10:16","guid":{"rendered":"https:\/\/www.unidroit.org\/?p=7980"},"modified":"2021-08-18T10:53:31","modified_gmt":"2021-08-18T10:53:31","slug":"le-secretaire-general-dunidroit-participe-a-un-atelier-sur-les-principes-dunidroit-et-les-contrats-a-long-terme-a-rio-de-janeiro","status":"publish","type":"post","link":"https:\/\/www.unidroit.org\/fr\/le-secretaire-general-dunidroit-participe-a-un-atelier-sur-les-principes-dunidroit-et-les-contrats-a-long-terme-a-rio-de-janeiro\/","title":{"rendered":"LE SECRETAIRE GENERAL D&#8217;UNIDROIT PARTICIPE A UN ATELIER SUR LES PRINCIPES D&#8217;UNIDROIT ET LES CONTRATS A LONG TERME A RIO DE JANEIRO"},"content":{"rendered":"<p>Les 7 et 8 novembre 2016, M. Jos\u00e9 Angelo Estrella Faria, Secr\u00e9taire G\u00e9n\u00e9ral d&#8217;UNIDROIT, a particip\u00e9 \u00e0 un atelier organis\u00e9 par l&#8217;Universit\u00e9 Pontificale Catholique de Rio de Janeiro (PUC), dont il \u00e9tait \u00e9galement coordinateur acad\u00e9mique avec le Professeur Lauro Gama Jr. (Professeur \u00e0 la PUC; cabinet d&#8217;avocats Binenbojm, Gama &amp; Carvalho Britto Advogados, Rio de Janeiro). L&#8217;objectif de l&#8217;atelier \u00e9tait de discuter des questions relatives \u00e0 l&#8217;applicabilit\u00e9 des Principes d&#8217;Unidroit, ainsi que des contenus pertinents pour le droit civil br\u00e9silien. Le premier jour, le Secr\u00e9taire G\u00e9n\u00e9ral a particip\u00e9 \u00e0 deux panels consacr\u00e9s aux contrats \u00e0 long terme et aux Principes d&#8217;UNIDROIT, tandis que le second jour il a particip\u00e9 \u00e0 un s\u00e9minaire consacr\u00e9 aux usages et \u00e0 l&#8217;application coutumi\u00e8re, ainsi qu&#8217;aux usages commerciaux pertinents des Principes d&#8217;UNIDROIT sur les contrats \u00e0 long terme.<\/p>\n<table>\n<tbody>\n<tr>\n<td><a title=\"Agrandir l'image\" href=\"https:\/\/www.unidroit.org\/english\/news\/2016\/20161107-principles-rio-de-janeiro\/pict03.jpg\"><img loading=\"lazy\" decoding=\"async\" src=\"https:\/\/www.unidroit.org\/english\/news\/2016\/20161107-principles-rio-de-janeiro\/pict03.jpg\" alt=\"pict03\" width=\"285\" height=\"140\" \/><\/a><\/td>\n<td><\/td>\n<td><a title=\"Agrandir l'image\" href=\"https:\/\/www.unidroit.org\/english\/news\/2016\/20161107-principles-rio-de-janeiro\/pict02.jpg\"><img loading=\"lazy\" decoding=\"async\" src=\"https:\/\/www.unidroit.org\/english\/news\/2016\/20161107-principles-rio-de-janeiro\/pict02.jpg\" alt=\"pict02\" width=\"241\" height=\"140\" \/><\/a><\/td>\n<\/tr>\n<tr>\n<td><em><strong>De gauche \u00e0 droite:<\/strong>\u00a0Messieurs Maur\u00edcio de Almeida Prado, Lauro Gama et Jos\u00e9 Angelo Estrella Faria, Secr\u00e9taire G\u00e9n\u00e9ral d\u2019UNIDROIT<\/em><\/td>\n<td><\/td>\n<td><em>Photo du public assis<\/em><\/td>\n<\/tr>\n<\/tbody>\n<\/table>\n","protected":false},"excerpt":{"rendered":"<p>Les 7 et 8 novembre 2016, M. Jos\u00e9 Angelo Estrella Faria, Secr\u00e9taire G\u00e9n\u00e9ral d&#8217;UNIDROIT, a particip\u00e9 \u00e0 un atelier organis\u00e9 par l&#8217;Universit\u00e9 Pontificale Catholique de Rio de Janeiro (PUC), dont il \u00e9tait \u00e9galement coordinateur acad\u00e9mique avec le Professeur Lauro Gama Jr. (Professeur \u00e0 la PUC;&nbsp;<a href=\"https:\/\/www.unidroit.org\/fr\/le-secretaire-general-dunidroit-participe-a-un-atelier-sur-les-principes-dunidroit-et-les-contrats-a-long-terme-a-rio-de-janeiro\/\">&hellip;<\/a><\/p>\n","protected":false},"author":5,"featured_media":9536,"comment_status":"closed","ping_status":"closed","sticky":false,"template":"","format":"standard","meta":{"ep_exclude_from_search":false,"footnotes":""},"categories":[79,72],"tags":[],"class_list":["post-7980","post","type-post","status-publish","format-standard","has-post-thumbnail","hentry","category-actualites","category-non-classifiee","odd"],"_links":{"self":[{"href":"https:\/\/www.unidroit.org\/fr\/wp-json\/wp\/v2\/posts\/7980","targetHints":{"allow":["GET"]}}],"collection":[{"href":"https:\/\/www.unidroit.org\/fr\/wp-json\/wp\/v2\/posts"}],"about":[{"href":"https:\/\/www.unidroit.org\/fr\/wp-json\/wp\/v2\/types\/post"}],"author":[{"embeddable":true,"href":"https:\/\/www.unidroit.org\/fr\/wp-json\/wp\/v2\/users\/5"}],"replies":[{"embeddable":true,"href":"https:\/\/www.unidroit.org\/fr\/wp-json\/wp\/v2\/comments?post=7980"}],"version-history":[{"count":0,"href":"https:\/\/www.unidroit.org\/fr\/wp-json\/wp\/v2\/posts\/7980\/revisions"}],"wp:featuredmedia":[{"embeddable":true,"href":"https:\/\/www.unidroit.org\/fr\/wp-json\/wp\/v2\/media\/9536"}],"wp:attachment":[{"href":"https:\/\/www.unidroit.org\/fr\/wp-json\/wp\/v2\/media?parent=7980"}],"wp:term":[{"taxonomy":"category","embeddable":true,"href":"https:\/\/www.unidroit.org\/fr\/wp-json\/wp\/v2\/categories?post=7980"},{"taxonomy":"post_tag","embeddable":true,"href":"https:\/\/www.unidroit.org\/fr\/wp-json\/wp\/v2\/tags?post=7980"}],"curies":[{"name":"wp","href":"https:\/\/api.w.org\/{rel}","templated":true}]}}