{"id":7984,"date":"2016-11-11T10:11:16","date_gmt":"2016-11-11T10:11:16","guid":{"rendered":"https:\/\/www.unidroit.org\/?p=7984"},"modified":"2021-08-18T10:53:31","modified_gmt":"2021-08-18T10:53:31","slug":"unidroit-participe-au-comite-sur-les-infractions-visant-les-biens-culturels-au-conseil-de-leurope","status":"publish","type":"post","link":"https:\/\/www.unidroit.org\/fr\/unidroit-participe-au-comite-sur-les-infractions-visant-les-biens-culturels-au-conseil-de-leurope\/","title":{"rendered":"UNIDROIT PARTICIPE AU COMITE SUR LES INFRACTIONS VISANT LES BIENS CULTURELS AU CONSEIL DE L&#8217;EUROPE"},"content":{"rendered":"<p>Du 7 au 10 novembre 2016, Mme Marina Schneider, Fonctionnaire Principale d&#8217;UNIDROIT et D\u00e9positaire des trait\u00e9s, a particip\u00e9 \u00e0 la 2\u00e8me r\u00e9union pl\u00e9ni\u00e8re du Comit\u00e9 sur les infractions visant les biens culturels, qui s\u2019est tenue au si\u00e8ge du Conseil de l&#8217;Europe \u00e0 Strasbourg. Le Comit\u00e9 travaille actuellement \u00e0 un projet de convention p\u00e9nale annulant et rempla\u00e7ant la Convention europ\u00e9enne sur les infractions visant des biens culturels, \u00e9galement appel\u00e9e \u00abConvention de Delphes\u00bb, ainsi que le projet de rapport explicatif.<\/p>\n","protected":false},"excerpt":{"rendered":"<p>Du 7 au 10 novembre 2016, Mme Marina Schneider, Fonctionnaire Principale d&#8217;UNIDROIT et D\u00e9positaire des trait\u00e9s, a particip\u00e9 \u00e0 la 2\u00e8me r\u00e9union pl\u00e9ni\u00e8re du Comit\u00e9 sur les infractions visant les biens culturels, qui s\u2019est tenue au si\u00e8ge du Conseil de l&#8217;Europe \u00e0 Strasbourg. Le Comit\u00e9&nbsp;<a href=\"https:\/\/www.unidroit.org\/fr\/unidroit-participe-au-comite-sur-les-infractions-visant-les-biens-culturels-au-conseil-de-leurope\/\">&hellip;<\/a><\/p>\n","protected":false},"author":5,"featured_media":0,"comment_status":"closed","ping_status":"closed","sticky":false,"template":"","format":"standard","meta":{"ep_exclude_from_search":false,"footnotes":""},"categories":[79],"tags":[],"class_list":["post-7984","post","type-post","status-publish","format-standard","hentry","category-actualites","odd"],"_links":{"self":[{"href":"https:\/\/www.unidroit.org\/fr\/wp-json\/wp\/v2\/posts\/7984","targetHints":{"allow":["GET"]}}],"collection":[{"href":"https:\/\/www.unidroit.org\/fr\/wp-json\/wp\/v2\/posts"}],"about":[{"href":"https:\/\/www.unidroit.org\/fr\/wp-json\/wp\/v2\/types\/post"}],"author":[{"embeddable":true,"href":"https:\/\/www.unidroit.org\/fr\/wp-json\/wp\/v2\/users\/5"}],"replies":[{"embeddable":true,"href":"https:\/\/www.unidroit.org\/fr\/wp-json\/wp\/v2\/comments?post=7984"}],"version-history":[{"count":0,"href":"https:\/\/www.unidroit.org\/fr\/wp-json\/wp\/v2\/posts\/7984\/revisions"}],"wp:attachment":[{"href":"https:\/\/www.unidroit.org\/fr\/wp-json\/wp\/v2\/media?parent=7984"}],"wp:term":[{"taxonomy":"category","embeddable":true,"href":"https:\/\/www.unidroit.org\/fr\/wp-json\/wp\/v2\/categories?post=7984"},{"taxonomy":"post_tag","embeddable":true,"href":"https:\/\/www.unidroit.org\/fr\/wp-json\/wp\/v2\/tags?post=7984"}],"curies":[{"name":"wp","href":"https:\/\/api.w.org\/{rel}","templated":true}]}}