{"id":7986,"date":"2016-11-10T10:12:01","date_gmt":"2016-11-10T10:12:01","guid":{"rendered":"https:\/\/www.unidroit.org\/?p=7986"},"modified":"2021-08-18T10:53:31","modified_gmt":"2021-08-18T10:53:31","slug":"unidroit-a-lisbonne-pour-la-conference-internationale-sur-le-patrimoine-culturel","status":"publish","type":"post","link":"https:\/\/www.unidroit.org\/fr\/unidroit-a-lisbonne-pour-la-conference-internationale-sur-le-patrimoine-culturel\/","title":{"rendered":"UNIDROIT A LISBONNE POUR LA CONFERENCE INTERNATIONALE SUR LE PATRIMOINE CULTUREL"},"content":{"rendered":"<p>Les 3 et 4 novembre 2016, Mme Marina Schneider, Fonctionnaire Principale d&#8217;UNIDROIT et D\u00e9positaire des trait\u00e9s, a particip\u00e9 \u00e0 la Conf\u00e9rence internationale \u00abPatrimoine culturel: pr\u00e9vention, r\u00e9action et remise en \u00e9tat en cas de catastrophes\u00bb qui s\u2019est tenue \u00e0 Lisbonne. La Conf\u00e9rence visait \u00e0 encourager la coop\u00e9ration directe entre les organisations du patrimoine, les instituts de recherche et les services de protection civile dans les situations de catastrophes en \u00e9changeant des points de vue sur la pr\u00e9servation du patrimoine et la pr\u00e9vention des risques de catastrophe.<br \/>\n\u00c0 cette occasion, Mme Marina Schneider a expliqu\u00e9 le r\u00f4le et l&#8217;importance de la Convention d&#8217;UNIDROIT de 1995 sur les biens culturels vol\u00e9s ou illicitement export\u00e9s dans la lutte contre le trafic illicite d&#8217;objets vol\u00e9s, notamment \u00e0 la suite d&#8217;une catastrophe naturelle ou d&#8217;un dommage intentionnel.<\/p>\n<table>\n<tbody>\n<tr>\n<td><a title=\"Agrandir l'image\" href=\"https:\/\/www.unidroit.org\/english\/news\/2016\/20161103-cultural-heritage-lisbon\/pict01.jpg\"><img decoding=\"async\" src=\"https:\/\/www.unidroit.org\/english\/news\/2016\/20161103-cultural-heritage-lisbon\/pict01.jpg\" alt=\"pict01\" width=\"440px\" height=\"NaN\" \/><\/a><\/td>\n<\/tr>\n<tr>\n<td><em>Photo du public assis<\/em><\/td>\n<\/tr>\n<\/tbody>\n<\/table>\n","protected":false},"excerpt":{"rendered":"<p>Les 3 et 4 novembre 2016, Mme Marina Schneider, Fonctionnaire Principale d&#8217;UNIDROIT et D\u00e9positaire des trait\u00e9s, a particip\u00e9 \u00e0 la Conf\u00e9rence internationale \u00abPatrimoine culturel: pr\u00e9vention, r\u00e9action et remise en \u00e9tat en cas de catastrophes\u00bb qui s\u2019est tenue \u00e0 Lisbonne. La Conf\u00e9rence visait \u00e0 encourager la&nbsp;<a href=\"https:\/\/www.unidroit.org\/fr\/unidroit-a-lisbonne-pour-la-conference-internationale-sur-le-patrimoine-culturel\/\">&hellip;<\/a><\/p>\n","protected":false},"author":5,"featured_media":0,"comment_status":"closed","ping_status":"closed","sticky":false,"template":"","format":"standard","meta":{"ep_exclude_from_search":false,"footnotes":""},"categories":[79,72],"tags":[],"class_list":["post-7986","post","type-post","status-publish","format-standard","hentry","category-actualites","category-non-classifiee","odd"],"_links":{"self":[{"href":"https:\/\/www.unidroit.org\/fr\/wp-json\/wp\/v2\/posts\/7986","targetHints":{"allow":["GET"]}}],"collection":[{"href":"https:\/\/www.unidroit.org\/fr\/wp-json\/wp\/v2\/posts"}],"about":[{"href":"https:\/\/www.unidroit.org\/fr\/wp-json\/wp\/v2\/types\/post"}],"author":[{"embeddable":true,"href":"https:\/\/www.unidroit.org\/fr\/wp-json\/wp\/v2\/users\/5"}],"replies":[{"embeddable":true,"href":"https:\/\/www.unidroit.org\/fr\/wp-json\/wp\/v2\/comments?post=7986"}],"version-history":[{"count":0,"href":"https:\/\/www.unidroit.org\/fr\/wp-json\/wp\/v2\/posts\/7986\/revisions"}],"wp:attachment":[{"href":"https:\/\/www.unidroit.org\/fr\/wp-json\/wp\/v2\/media?parent=7986"}],"wp:term":[{"taxonomy":"category","embeddable":true,"href":"https:\/\/www.unidroit.org\/fr\/wp-json\/wp\/v2\/categories?post=7986"},{"taxonomy":"post_tag","embeddable":true,"href":"https:\/\/www.unidroit.org\/fr\/wp-json\/wp\/v2\/tags?post=7986"}],"curies":[{"name":"wp","href":"https:\/\/api.w.org\/{rel}","templated":true}]}}