{"id":8012,"date":"2016-09-23T10:19:43","date_gmt":"2016-09-23T10:19:43","guid":{"rendered":"https:\/\/www.unidroit.org\/?p=8012"},"modified":"2021-08-18T10:54:04","modified_gmt":"2021-08-18T10:54:04","slug":"unidroit-accueille-les-participants-a-la-11eme-conference-annuelle-de-lassociation-des-etudes-juridiques-sino-europeennes","status":"publish","type":"post","link":"https:\/\/www.unidroit.org\/fr\/unidroit-accueille-les-participants-a-la-11eme-conference-annuelle-de-lassociation-des-etudes-juridiques-sino-europeennes\/","title":{"rendered":"UNIDROIT ACCUEILLE LES PARTICIPANTS A LA 11EME CONFERENCE ANNUELLE DE L\u2019ASSOCIATION DES ETUDES JURIDIQUES SINO-EUROPEENNES"},"content":{"rendered":"<p>Le 22 septembre 2016, dans le cadre de la 11\u00e8me Conf\u00e9rence annuelle de l\u2019Association des \u00e9tudes juridiques sino-europ\u00e9ennes, organis\u00e9e avec l\u2019Universit\u00e9 Roma Tre, UNIDROIT a ouvert ses portes aux d\u00e9l\u00e9gu\u00e9s de la Conf\u00e9rence pour une soir\u00e9e consacr\u00e9e \u00e0 une introduction aux travaux de l\u2019Institut. Dans son allocution de bienvenue, le Professeur Anna Veneziano, Secr\u00e9taire G\u00e9n\u00e9ral adjoint d\u2019UNIDROIT, a donn\u00e9 un aper\u00e7u des activit\u00e9s de l\u2019Institut, plus sp\u00e9cifiquement en rapport avec la Chine. Le Professeur\u00a0 Bj\u00f6rn Ahl, Pr\u00e9sident de l\u2019ECLS, a prononc\u00e9 un discours d\u2019ouverture.<br \/>\nCliquer\u00a0<a href=\"https:\/\/www.unidroit.org\/english\/news\/2016\/20160922-unidroit-ecls\/flyer-e.pdf\">ici<\/a>\u00a0pour le programme de l\u2019\u00e9v\u00e9nement<br \/>\nCliquer\u00a0<a href=\"https:\/\/www.unidroit.org\/english\/news\/2016\/20160922-unidroit-ecls\/new-e.pdf\">ici<\/a>\u00a0pour le programme de la Conf\u00e9rence ECLS 2016<\/p>\n<p>&nbsp;<\/p>\n<table>\n<tbody>\n<tr>\n<td><a title=\"Agrandir l'image\" href=\"https:\/\/www.unidroit.org\/english\/news\/2016\/20160922-unidroit-ecls\/pict01.jpg\"><img loading=\"lazy\" decoding=\"async\" src=\"https:\/\/www.unidroit.org\/english\/news\/2016\/20160922-unidroit-ecls\/pict01.jpg\" alt=\"pict01\" width=\"450\" height=\"212\" \/><\/a><\/td>\n<\/tr>\n<tr>\n<td><em>Allocutions de bienvenue du Professeur Anna Veneziano (Secr\u00e9taire G\u00e9n\u00e9ral adjoint, UNIDROIT) et du Professeur Bj\u00f6rn Ahl (Pr\u00e9sident, ECLS).<\/em><\/td>\n<\/tr>\n<\/tbody>\n<\/table>\n","protected":false},"excerpt":{"rendered":"<p>Le 22 septembre 2016, dans le cadre de la 11\u00e8me Conf\u00e9rence annuelle de l\u2019Association des \u00e9tudes juridiques sino-europ\u00e9ennes, organis\u00e9e avec l\u2019Universit\u00e9 Roma Tre, UNIDROIT a ouvert ses portes aux d\u00e9l\u00e9gu\u00e9s de la Conf\u00e9rence pour une soir\u00e9e consacr\u00e9e \u00e0 une introduction aux travaux de l\u2019Institut. Dans&nbsp;<a href=\"https:\/\/www.unidroit.org\/fr\/unidroit-accueille-les-participants-a-la-11eme-conference-annuelle-de-lassociation-des-etudes-juridiques-sino-europeennes\/\">&hellip;<\/a><\/p>\n","protected":false},"author":5,"featured_media":0,"comment_status":"closed","ping_status":"closed","sticky":false,"template":"","format":"standard","meta":{"ep_exclude_from_search":false,"footnotes":""},"categories":[79],"tags":[],"class_list":["post-8012","post","type-post","status-publish","format-standard","hentry","category-actualites","odd"],"_links":{"self":[{"href":"https:\/\/www.unidroit.org\/fr\/wp-json\/wp\/v2\/posts\/8012","targetHints":{"allow":["GET"]}}],"collection":[{"href":"https:\/\/www.unidroit.org\/fr\/wp-json\/wp\/v2\/posts"}],"about":[{"href":"https:\/\/www.unidroit.org\/fr\/wp-json\/wp\/v2\/types\/post"}],"author":[{"embeddable":true,"href":"https:\/\/www.unidroit.org\/fr\/wp-json\/wp\/v2\/users\/5"}],"replies":[{"embeddable":true,"href":"https:\/\/www.unidroit.org\/fr\/wp-json\/wp\/v2\/comments?post=8012"}],"version-history":[{"count":0,"href":"https:\/\/www.unidroit.org\/fr\/wp-json\/wp\/v2\/posts\/8012\/revisions"}],"wp:attachment":[{"href":"https:\/\/www.unidroit.org\/fr\/wp-json\/wp\/v2\/media?parent=8012"}],"wp:term":[{"taxonomy":"category","embeddable":true,"href":"https:\/\/www.unidroit.org\/fr\/wp-json\/wp\/v2\/categories?post=8012"},{"taxonomy":"post_tag","embeddable":true,"href":"https:\/\/www.unidroit.org\/fr\/wp-json\/wp\/v2\/tags?post=8012"}],"curies":[{"name":"wp","href":"https:\/\/api.w.org\/{rel}","templated":true}]}}