{"id":8053,"date":"2016-05-20T10:32:31","date_gmt":"2016-05-20T10:32:31","guid":{"rendered":"https:\/\/www.unidroit.org\/?p=8053"},"modified":"2021-08-18T10:54:06","modified_gmt":"2021-08-18T10:54:06","slug":"unidroit-accueille-une-conference-sur-la-cvim","status":"publish","type":"post","link":"https:\/\/www.unidroit.org\/fr\/unidroit-accueille-une-conference-sur-la-cvim\/","title":{"rendered":"UNIDROIT ACCUEILLE UNE CONFERENCE SUR LA CVIM"},"content":{"rendered":"<p>Le 20 mai 2016, \u00e0 l\u2019occasion de la 95\u00e8me session du Conseil de Direction d\u2019UNIDROIT, et dans la cadre des c\u00e9l\u00e9brations du 90\u00e8me anniversaire de l\u2019Organisation, une conf\u00e9rence s\u2019est tenue au si\u00e8ge d\u2019UNIDROIT intitul\u00e9e \u201cLa Convention des Nations Unies sur les contrats de vente internationale de marchandises (CVIM) et les Principes d\u2019UNDROIT relatifs aux contrats du commerce international \u2013 Contrastes et convergences\u201d. La conf\u00e9rence a trait\u00e9 de l\u2019approche des deux instruments concernant l\u2019interpr\u00e9tation et le comblement des lacunes, la validit\u00e9 du contrat, la bonne foi et les normes \u00e9thiques. Des discussions tr\u00e8s stimulantes ont eu lieu avec le public compos\u00e9 de membres du Conseil de Direction d\u2019UNIDROIT et du CISG Advisory Council, ainsi que d\u2019universitaires et de chercheurs ind\u00e9pendants.<\/p>\n<table border=\"0\">\n<tbody>\n<tr>\n<td><\/td>\n<td><a title=\"Agrandir l'image\" href=\"https:\/\/www.unidroit.org\/english\/news\/2016\/20160520-cisg-principles\/pict01.jpg\"><img loading=\"lazy\" decoding=\"async\" src=\"https:\/\/www.unidroit.org\/english\/news\/2016\/20160520-cisg-principles\/pict01.jpg\" alt=\"pict01\" width=\"258\" height=\"172\" \/><\/a><\/td>\n<td><\/td>\n<td><a title=\"Agrandir l'image\" href=\"https:\/\/www.unidroit.org\/english\/news\/2016\/20160520-cisg-principles\/pict02.jpg\"><img loading=\"lazy\" decoding=\"async\" src=\"https:\/\/www.unidroit.org\/english\/news\/2016\/20160520-cisg-principles\/pict02.jpg\" alt=\"pict02\" width=\"251\" height=\"172\" \/><\/a><\/td>\n<td><\/td>\n<\/tr>\n<tr>\n<td><\/td>\n<td><em>Session sur la validit\u00e9 du contrat<\/em><\/td>\n<td><\/td>\n<td><em>Photo de groupe dans le jardin d\u2019UNIDROIT<\/em><\/td>\n<\/tr>\n<\/tbody>\n<\/table>\n","protected":false},"excerpt":{"rendered":"<p>Le 20 mai 2016, \u00e0 l\u2019occasion de la 95\u00e8me session du Conseil de Direction d\u2019UNIDROIT, et dans la cadre des c\u00e9l\u00e9brations du 90\u00e8me anniversaire de l\u2019Organisation, une conf\u00e9rence s\u2019est tenue au si\u00e8ge d\u2019UNIDROIT intitul\u00e9e \u201cLa Convention des Nations Unies sur les contrats de vente internationale&nbsp;<a href=\"https:\/\/www.unidroit.org\/fr\/unidroit-accueille-une-conference-sur-la-cvim\/\">&hellip;<\/a><\/p>\n","protected":false},"author":5,"featured_media":0,"comment_status":"closed","ping_status":"closed","sticky":false,"template":"","format":"standard","meta":{"ep_exclude_from_search":false,"footnotes":""},"categories":[79],"tags":[],"class_list":["post-8053","post","type-post","status-publish","format-standard","hentry","category-actualites","odd"],"_links":{"self":[{"href":"https:\/\/www.unidroit.org\/fr\/wp-json\/wp\/v2\/posts\/8053","targetHints":{"allow":["GET"]}}],"collection":[{"href":"https:\/\/www.unidroit.org\/fr\/wp-json\/wp\/v2\/posts"}],"about":[{"href":"https:\/\/www.unidroit.org\/fr\/wp-json\/wp\/v2\/types\/post"}],"author":[{"embeddable":true,"href":"https:\/\/www.unidroit.org\/fr\/wp-json\/wp\/v2\/users\/5"}],"replies":[{"embeddable":true,"href":"https:\/\/www.unidroit.org\/fr\/wp-json\/wp\/v2\/comments?post=8053"}],"version-history":[{"count":0,"href":"https:\/\/www.unidroit.org\/fr\/wp-json\/wp\/v2\/posts\/8053\/revisions"}],"wp:attachment":[{"href":"https:\/\/www.unidroit.org\/fr\/wp-json\/wp\/v2\/media?parent=8053"}],"wp:term":[{"taxonomy":"category","embeddable":true,"href":"https:\/\/www.unidroit.org\/fr\/wp-json\/wp\/v2\/categories?post=8053"},{"taxonomy":"post_tag","embeddable":true,"href":"https:\/\/www.unidroit.org\/fr\/wp-json\/wp\/v2\/tags?post=8053"}],"curies":[{"name":"wp","href":"https:\/\/api.w.org\/{rel}","templated":true}]}}