{"id":8085,"date":"2016-03-15T10:42:04","date_gmt":"2016-03-15T10:42:04","guid":{"rendered":"https:\/\/www.unidroit.org\/?p=8085"},"modified":"2021-08-18T10:54:43","modified_gmt":"2021-08-18T10:54:43","slug":"les-celebrations-du-90eme-anniversaire-dunidroit","status":"publish","type":"post","link":"https:\/\/www.unidroit.org\/fr\/les-celebrations-du-90eme-anniversaire-dunidroit\/","title":{"rendered":"LES CELEBRATIONS DU 90EME ANNIVERSAIRE D&#8217;UNIDROIT"},"content":{"rendered":"<p><img loading=\"lazy\" decoding=\"async\" title=\"UNIDROIT - Vue de la Villa Aldobrandini, Rome\" src=\"https:\/\/www.unidroit.org\/images\/unifotos\/unifoto-build09.jpg\" alt=\"UNIDROIT Villa Aldobradini\" width=\"525\" height=\"295\" \/><\/p>\n<p>UNIDROIT a le plaisir d\u2019annoncer la c\u00e9l\u00e9bration du 90\u00e8me anniversaire de sa fondation. Cr\u00e9\u00e9 en 1926 comme organe auxiliaire de la Soci\u00e9t\u00e9 des Nations, puis reconstitu\u00e9 en 1940 en vertu d\u2019un accord multilat\u00e9ral, UNIDROIT a contribu\u00e9 de fa\u00e7on particuli\u00e8rement significative \u00e0 la modernisation et \u00e0 l\u2019harmonisation du droit priv\u00e9 en collaboration avec de nombreuses organisations et entit\u00e9s partenaires avec lesquelles l&#8217;Institut maintien des liens \u00e9troits de coop\u00e9ration et d\u2019amiti\u00e9. Pour f\u00eater cet \u00e9v\u00e9nement, UNIDROIT a organis\u00e9 une s\u00e9rie de manifestations consacr\u00e9es au r\u00f4le et \u00e0 la place du droit priv\u00e9 dans la mise en application d\u2019une coop\u00e9ration majeure et des objectifs de d\u00e9veloppement de la communaut\u00e9 internationale, au nombre desquelles (uniquement sur invitation):<\/p>\n<p>&#8211; Practicing International Law at the United Nations<br \/>\n(Villa Aldobrandini, Rome, 15 avril 2016)<br \/>\n\u00b7\u00a0<a href=\"https:\/\/www.unidroit.org\/english\/news\/2016\/20160415-90th-unidroit-sioi\/programme-e.pdf\">Programme<br \/>\n<\/a>\u00a0 \u00b7\u00a0<a href=\"https:\/\/www.unidroit.org\/fr\/unidroit-90eme-anniversaire?id=1997\">Rapport et photos<\/a><\/p>\n<p>&#8211; The League of Nations and UNIDROIT<br \/>\n(Villa Aldobrandini, Rome, 19 avril 2016)<br \/>\n\u00b7\u00a0<a href=\"https:\/\/www.unidroit.org\/english\/news\/2016\/20160419-90th-unidroit-univrm3\/flyer-e.pdf\">Programme<\/a><br \/>\n\u00b7\u00a0<a href=\"https:\/\/www.unidroit.org\/fr\/unidroit-90eme-anniversaire?id=2004\">Rapport et photos<\/a><\/p>\n<p>&#8211; Assembl\u00e9e G\u00e9n\u00e9rale: session sp\u00e9ciale 90\u00e8me anniversaire<br \/>\n(Palazzo Altieri, Rome, 20 avril 2016)<br \/>\n\u00b7\u00a0<a href=\"https:\/\/www.unidroit.org\/french\/news\/2016\/20160420-90th-unidroit-celebration\/programme-f.pdf\">Programme<\/a><br \/>\n\u00b7\u00a0<a href=\"https:\/\/www.unidroit.org\/english\/news\/2016\/20160420-90th-unidroit-celebration\/speakers-bio-e-f.pdf\">Biographies des orateurs<br \/>\n<\/a>\u00a0 \u00b7\u00a0<a href=\"https:\/\/www.unidroit.org\/fr\/unidroit-90eme-anniversaire?id=2000\">Rapport et photos<\/a><br \/>\n\u00b7\u00a0<a href=\"https:\/\/youtu.be\/8Ha-LHbD66k\" target=\"_blank\" rel=\"noopener\">C\u00e9r\u00e9monie d&#8217;ouverture\u00a0<\/a><a href=\"https:\/\/www.unidroit.org\/english\/news\/2016\/20160420-90th-unidroit-celebration\/speakers-bio-e-f.pdf\">\u00a0&#8211;\u00a0\u00a0<\/a><a href=\"https:\/\/youtu.be\/vi9a8f_Vlaw\" target=\"_blank\" rel=\"noopener\">Session I<\/a><a href=\"https:\/\/www.unidroit.org\/english\/news\/2016\/20160420-90th-unidroit-celebration\/speakers-bio-e-f.pdf\">\u00a0 &#8211;\u00a0\u00a0<\/a><a href=\"https:\/\/youtu.be\/cO2gFlU_bqE\" target=\"_blank\" rel=\"noopener\">Session II<\/a><a href=\"https:\/\/www.unidroit.org\/english\/news\/2016\/20160420-90th-unidroit-celebration\/speakers-bio-e-f.pdf\">\u00a0 &#8211;\u00a0\u00a0<\/a><a href=\"https:\/\/youtu.be\/UnP4wQj_z0c\" target=\"_blank\" rel=\"noopener\">Session III<\/a><a href=\"https:\/\/www.unidroit.org\/english\/news\/2016\/20160420-90th-unidroit-celebration\/speakers-bio-e-f.pdf\">\u00a0 &#8211;\u00a0\u00a0<\/a><a href=\"https:\/\/youtu.be\/c74GGiGuUJM\" target=\"_blank\" rel=\"noopener\">Session IV \u00a0<\/a><a href=\"https:\/\/www.unidroit.org\/english\/news\/2016\/20160420-90th-unidroit-celebration\/speakers-bio-e-f.pdf\">&#8211;\u00a0\u00a0<\/a><a href=\"https:\/\/youtu.be\/4ASgVSwf2V4\" target=\"_blank\" rel=\"noopener\">Conclusions<\/a><\/p>\n<p>&#8211; Conf\u00e9rence: \u201cCr\u00e9er un environnement juridique favorable pour l&#8217;agriculture contractuelle\u201d<br \/>\n(Villa Aldobrandini, Rome, 27 avril 2016)<br \/>\n\u00b7\u00a0<a href=\"https:\/\/www.unidroit.org\/fr\/hidden-events\/20160427-cf-legal-guide-f\">Programme<\/a><br \/>\n\u00b7\u00a0<a href=\"https:\/\/www.unidroit.org\/fr\/unidroit-90eme-anniversaire?id=2007\">Rapport et photos<\/a><\/p>\n<p>&#8211; Conf\u00e9rence sur le droit international des contrats, conjointement avec le CISG<br \/>\nAdvisory Council<br \/>\n(Rome, 20 mai 2016)<br \/>\n\u00b7\u00a0<a href=\"https:\/\/www.unidroit.org\/english\/news\/2016\/20160520-cisg-principles\/programme-e.pdf\">Programme<br \/>\n\u00b7\u00a0<\/a><a href=\"https:\/\/www.unidroit.org\/fr\/unidroit-90eme-anniversaire?id=2018\">Rapport et photos<\/a><\/p>\n<p>&#8211;\u00a0<a href=\"https:\/\/www.unidroit.org\/english\/news\/2016\/20160929-bonell-festschrift\/flyer-e.pdf\">Eppur si muove: L\u2019\u00e2ge du droit uniforme<br \/>\n<\/a>\u00a0 M\u00e9langes en l\u2019honneur de Michael Joachim Bonell, pour son 70\u00e8me anniversaire<br \/>\n(Rome, le 29 septembre 2016)<\/p>\n","protected":false},"excerpt":{"rendered":"<p>UNIDROIT a le plaisir d\u2019annoncer la c\u00e9l\u00e9bration du 90\u00e8me anniversaire de sa fondation. Cr\u00e9\u00e9 en 1926 comme organe auxiliaire de la Soci\u00e9t\u00e9 des Nations, puis reconstitu\u00e9 en 1940 en vertu d\u2019un accord multilat\u00e9ral, UNIDROIT a contribu\u00e9 de fa\u00e7on particuli\u00e8rement significative \u00e0 la modernisation et \u00e0&nbsp;<a href=\"https:\/\/www.unidroit.org\/fr\/les-celebrations-du-90eme-anniversaire-dunidroit\/\">&hellip;<\/a><\/p>\n","protected":false},"author":5,"featured_media":9555,"comment_status":"closed","ping_status":"closed","sticky":false,"template":"","format":"standard","meta":{"ep_exclude_from_search":false,"footnotes":""},"categories":[79],"tags":[],"class_list":["post-8085","post","type-post","status-publish","format-standard","has-post-thumbnail","hentry","category-actualites","odd"],"_links":{"self":[{"href":"https:\/\/www.unidroit.org\/fr\/wp-json\/wp\/v2\/posts\/8085","targetHints":{"allow":["GET"]}}],"collection":[{"href":"https:\/\/www.unidroit.org\/fr\/wp-json\/wp\/v2\/posts"}],"about":[{"href":"https:\/\/www.unidroit.org\/fr\/wp-json\/wp\/v2\/types\/post"}],"author":[{"embeddable":true,"href":"https:\/\/www.unidroit.org\/fr\/wp-json\/wp\/v2\/users\/5"}],"replies":[{"embeddable":true,"href":"https:\/\/www.unidroit.org\/fr\/wp-json\/wp\/v2\/comments?post=8085"}],"version-history":[{"count":0,"href":"https:\/\/www.unidroit.org\/fr\/wp-json\/wp\/v2\/posts\/8085\/revisions"}],"wp:featuredmedia":[{"embeddable":true,"href":"https:\/\/www.unidroit.org\/fr\/wp-json\/wp\/v2\/media\/9555"}],"wp:attachment":[{"href":"https:\/\/www.unidroit.org\/fr\/wp-json\/wp\/v2\/media?parent=8085"}],"wp:term":[{"taxonomy":"category","embeddable":true,"href":"https:\/\/www.unidroit.org\/fr\/wp-json\/wp\/v2\/categories?post=8085"},{"taxonomy":"post_tag","embeddable":true,"href":"https:\/\/www.unidroit.org\/fr\/wp-json\/wp\/v2\/tags?post=8085"}],"curies":[{"name":"wp","href":"https:\/\/api.w.org\/{rel}","templated":true}]}}