{"id":8109,"date":"2015-12-04T10:50:52","date_gmt":"2015-12-04T10:50:52","guid":{"rendered":"https:\/\/www.unidroit.org\/?p=8109"},"modified":"2021-08-18T10:54:44","modified_gmt":"2021-08-18T10:54:44","slug":"poste-disponibile-de-chercheur-associe-droit-des-marches-de-capitaux-marches-emergents","status":"publish","type":"post","link":"https:\/\/www.unidroit.org\/fr\/poste-disponibile-de-chercheur-associe-droit-des-marches-de-capitaux-marches-emergents\/","title":{"rendered":"POSTE DISPONIBILE DE CHERCHEUR ASSOCIE: DROIT DES MARCHES DE CAPITAUX\/MARCHES EMERGENTS"},"content":{"rendered":"<p>Les candidats sont choisis sur la base d\u2019une formation universitaire solide et d\u2019un int\u00e9r\u00eat manifeste pour la question des march\u00e9s \u00e9mergents. Il s\u2019agit d\u2019une recherche de quatre mois pour participer aux travaux d\u2019Unidroit dans ce domaine.<\/p>\n<p><a href=\"https:\/\/www.unidroit.org\/fr\/bourses-de-recherche-et-stages\">&gt;&gt;&gt; Plus d&#8217;informations<\/a><\/p>\n","protected":false},"excerpt":{"rendered":"<p>Les candidats sont choisis sur la base d\u2019une formation universitaire solide et d\u2019un int\u00e9r\u00eat manifeste pour la question des march\u00e9s \u00e9mergents. Il s\u2019agit d\u2019une recherche de quatre mois pour participer aux travaux d\u2019Unidroit dans ce domaine. &gt;&gt;&gt; Plus d&#8217;informations<\/p>\n","protected":false},"author":5,"featured_media":0,"comment_status":"closed","ping_status":"closed","sticky":false,"template":"","format":"standard","meta":{"ep_exclude_from_search":false,"footnotes":""},"categories":[79],"tags":[],"class_list":["post-8109","post","type-post","status-publish","format-standard","hentry","category-actualites","odd"],"_links":{"self":[{"href":"https:\/\/www.unidroit.org\/fr\/wp-json\/wp\/v2\/posts\/8109","targetHints":{"allow":["GET"]}}],"collection":[{"href":"https:\/\/www.unidroit.org\/fr\/wp-json\/wp\/v2\/posts"}],"about":[{"href":"https:\/\/www.unidroit.org\/fr\/wp-json\/wp\/v2\/types\/post"}],"author":[{"embeddable":true,"href":"https:\/\/www.unidroit.org\/fr\/wp-json\/wp\/v2\/users\/5"}],"replies":[{"embeddable":true,"href":"https:\/\/www.unidroit.org\/fr\/wp-json\/wp\/v2\/comments?post=8109"}],"version-history":[{"count":0,"href":"https:\/\/www.unidroit.org\/fr\/wp-json\/wp\/v2\/posts\/8109\/revisions"}],"wp:attachment":[{"href":"https:\/\/www.unidroit.org\/fr\/wp-json\/wp\/v2\/media?parent=8109"}],"wp:term":[{"taxonomy":"category","embeddable":true,"href":"https:\/\/www.unidroit.org\/fr\/wp-json\/wp\/v2\/categories?post=8109"},{"taxonomy":"post_tag","embeddable":true,"href":"https:\/\/www.unidroit.org\/fr\/wp-json\/wp\/v2\/tags?post=8109"}],"curies":[{"name":"wp","href":"https:\/\/api.w.org\/{rel}","templated":true}]}}