{"id":8118,"date":"2015-11-02T10:53:49","date_gmt":"2015-11-02T10:53:49","guid":{"rendered":"https:\/\/www.unidroit.org\/?p=8118"},"modified":"2021-08-18T10:54:44","modified_gmt":"2021-08-18T10:54:44","slug":"groupe-de-travail-sur-les-contrats-a-long-terme","status":"publish","type":"post","link":"https:\/\/www.unidroit.org\/fr\/groupe-de-travail-sur-les-contrats-a-long-terme\/","title":{"rendered":"GROUPE DE TRAVAIL SUR LES CONTRATS A LONG TERME"},"content":{"rendered":"<p>Le Groupe de travail s\u2019est r\u00e9uni pour la deuxi\u00e8me fois, \u00e0 l\u2019aimable invitation de l\u2019Institut Max-Planck de droit compar\u00e9 et de droit international priv\u00e9, \u00e0 Hambourg du 26 au 29 octobre 2015.\u00a0 Les propositions d\u2019amendements et d\u2019ajouts aux dispositions et commentaires aux Principes d\u2019UNIDROIT relatifs aux contrats du commerce international ont \u00e9t\u00e9 examin\u00e9es soigneusement et finalis\u00e9es, en vue de les soumettre pour adoption \u00e0 la 95\u00e8me session du Conseil de Direction d\u2019UNIDROIT, qui se tiendra du 18 au 20 mai 2016.<br \/>\nPlus d\u2019information sur l\u2019Etude sur les questions aff\u00e9rentes aux contrats \u00e0 long terme est disponible\u00a0<a href=\"https:\/\/www.unidroit.org\/fr\/travaux-en-cours-etudes\/current-studies-fr\/contrats-a-long-terme\">ici<\/a>.<\/p>\n","protected":false},"excerpt":{"rendered":"<p>Le Groupe de travail s\u2019est r\u00e9uni pour la deuxi\u00e8me fois, \u00e0 l\u2019aimable invitation de l\u2019Institut Max-Planck de droit compar\u00e9 et de droit international priv\u00e9, \u00e0 Hambourg du 26 au 29 octobre 2015.\u00a0 Les propositions d\u2019amendements et d\u2019ajouts aux dispositions et commentaires aux Principes d\u2019UNIDROIT relatifs&nbsp;<a href=\"https:\/\/www.unidroit.org\/fr\/groupe-de-travail-sur-les-contrats-a-long-terme\/\">&hellip;<\/a><\/p>\n","protected":false},"author":5,"featured_media":0,"comment_status":"closed","ping_status":"closed","sticky":false,"template":"","format":"standard","meta":{"ep_exclude_from_search":false,"footnotes":""},"categories":[79],"tags":[],"class_list":["post-8118","post","type-post","status-publish","format-standard","hentry","category-actualites","odd"],"_links":{"self":[{"href":"https:\/\/www.unidroit.org\/fr\/wp-json\/wp\/v2\/posts\/8118","targetHints":{"allow":["GET"]}}],"collection":[{"href":"https:\/\/www.unidroit.org\/fr\/wp-json\/wp\/v2\/posts"}],"about":[{"href":"https:\/\/www.unidroit.org\/fr\/wp-json\/wp\/v2\/types\/post"}],"author":[{"embeddable":true,"href":"https:\/\/www.unidroit.org\/fr\/wp-json\/wp\/v2\/users\/5"}],"replies":[{"embeddable":true,"href":"https:\/\/www.unidroit.org\/fr\/wp-json\/wp\/v2\/comments?post=8118"}],"version-history":[{"count":0,"href":"https:\/\/www.unidroit.org\/fr\/wp-json\/wp\/v2\/posts\/8118\/revisions"}],"wp:attachment":[{"href":"https:\/\/www.unidroit.org\/fr\/wp-json\/wp\/v2\/media?parent=8118"}],"wp:term":[{"taxonomy":"category","embeddable":true,"href":"https:\/\/www.unidroit.org\/fr\/wp-json\/wp\/v2\/categories?post=8118"},{"taxonomy":"post_tag","embeddable":true,"href":"https:\/\/www.unidroit.org\/fr\/wp-json\/wp\/v2\/tags?post=8118"}],"curies":[{"name":"wp","href":"https:\/\/api.w.org\/{rel}","templated":true}]}}