{"id":8122,"date":"2015-10-28T10:55:24","date_gmt":"2015-10-28T10:55:24","guid":{"rendered":"https:\/\/www.unidroit.org\/?p=8122"},"modified":"2021-08-18T10:54:44","modified_gmt":"2021-08-18T10:54:44","slug":"convention-du-cap-et-protocole-aeronautique-adhesion-du-royaume-de-danemark","status":"publish","type":"post","link":"https:\/\/www.unidroit.org\/fr\/convention-du-cap-et-protocole-aeronautique-adhesion-du-royaume-de-danemark\/","title":{"rendered":"CONVENTION DU CAP ET PROTOCOLE AERONAUTIQUE \u2013 ADHESION DU ROYAUME DE DANEMARK"},"content":{"rendered":"<p>Le\u00a0 26 octobre 2015, les instruments d\u2019adh\u00e9sion du Royaume de Danemark \u00e0 la Convention relative aux garanties internationales portant sur des mat\u00e9riels d\u2019\u00e9quipement mobiles et au Protocole y relatif portant sur les questions sp\u00e9cifiques aux mat\u00e9riels d\u2019\u00e9quipement a\u00e9ronautiques ont \u00e9t\u00e9 d\u00e9pos\u00e9s aupr\u00e8s d\u2019UNIDROIT par M. Asser Rasmussen Berling, Conseiller aupr\u00e8s de l\u2019Ambassade du Royaume de Danemark \u00e0 Rome. Le Royaume de Danemark a fait des d\u00e9clarations en vertu des articles 39(1)(a), 39(1)(b), 40, 52, 54(2) et 55 de la Convention, et en vertu des articles XXIX, XXX(1), XXX(3) et XXX(5) du Protocole a\u00e9ronautique. La Convention et le Protocole a\u00e9ronautique entreront en vigueur pour le Royaume de Danemark le 1er f\u00e9vrier 2016. Avec le d\u00e9p\u00f4t des instruments du Royaume du Danemark, la Convention du Cap compte maintenant 69 Etats contractants et une organisation d&#8217;int\u00e9gration \u00e9conomique r\u00e9gionale et le Protocole a\u00e9ronautique compte 60 Etats contractants et une organisation d&#8217;int\u00e9gration \u00e9conomique r\u00e9gionale. Pour plus de d\u00e9tails concernant la Convention et le Protocole a\u00e9ronautique, voir la page\u00a0<a href=\"https:\/\/www.unidroit.org\/fr\/depositaire-2001capetown\">\u201cFonctions de D\u00e9positaire d\u2019UNIDROIT\u201d<\/a>.<\/p>\n<table>\n<tbody>\n<tr>\n<td><\/td>\n<td>\u00a0<img loading=\"lazy\" decoding=\"async\" src=\"https:\/\/www.unidroit.org\/english\/news\/2015\/20151026-ctc-ctcac-denmark-accession\/pict01.jpg\" alt=\"pict01\" width=\"330\" height=\"220\" \/><\/p>\n<table align=\"center\">\n<tbody>\n<tr>\n<td><em>Le Conseiller Asser Rasmussen Berling et<br \/>\nle Secr\u00e9taire G\u00e9n\u00e9ral adjoint Anna Veneziano<\/em><\/td>\n<\/tr>\n<\/tbody>\n<\/table>\n<\/td>\n<\/tr>\n<\/tbody>\n<\/table>\n","protected":false},"excerpt":{"rendered":"<p>Le\u00a0 26 octobre 2015, les instruments d\u2019adh\u00e9sion du Royaume de Danemark \u00e0 la Convention relative aux garanties internationales portant sur des mat\u00e9riels d\u2019\u00e9quipement mobiles et au Protocole y relatif portant sur les questions sp\u00e9cifiques aux mat\u00e9riels d\u2019\u00e9quipement a\u00e9ronautiques ont \u00e9t\u00e9 d\u00e9pos\u00e9s aupr\u00e8s d\u2019UNIDROIT par M.&nbsp;<a href=\"https:\/\/www.unidroit.org\/fr\/convention-du-cap-et-protocole-aeronautique-adhesion-du-royaume-de-danemark\/\">&hellip;<\/a><\/p>\n","protected":false},"author":5,"featured_media":9557,"comment_status":"closed","ping_status":"closed","sticky":false,"template":"","format":"standard","meta":{"ep_exclude_from_search":false,"footnotes":""},"categories":[79],"tags":[],"class_list":["post-8122","post","type-post","status-publish","format-standard","has-post-thumbnail","hentry","category-actualites","odd"],"_links":{"self":[{"href":"https:\/\/www.unidroit.org\/fr\/wp-json\/wp\/v2\/posts\/8122","targetHints":{"allow":["GET"]}}],"collection":[{"href":"https:\/\/www.unidroit.org\/fr\/wp-json\/wp\/v2\/posts"}],"about":[{"href":"https:\/\/www.unidroit.org\/fr\/wp-json\/wp\/v2\/types\/post"}],"author":[{"embeddable":true,"href":"https:\/\/www.unidroit.org\/fr\/wp-json\/wp\/v2\/users\/5"}],"replies":[{"embeddable":true,"href":"https:\/\/www.unidroit.org\/fr\/wp-json\/wp\/v2\/comments?post=8122"}],"version-history":[{"count":0,"href":"https:\/\/www.unidroit.org\/fr\/wp-json\/wp\/v2\/posts\/8122\/revisions"}],"wp:featuredmedia":[{"embeddable":true,"href":"https:\/\/www.unidroit.org\/fr\/wp-json\/wp\/v2\/media\/9557"}],"wp:attachment":[{"href":"https:\/\/www.unidroit.org\/fr\/wp-json\/wp\/v2\/media?parent=8122"}],"wp:term":[{"taxonomy":"category","embeddable":true,"href":"https:\/\/www.unidroit.org\/fr\/wp-json\/wp\/v2\/categories?post=8122"},{"taxonomy":"post_tag","embeddable":true,"href":"https:\/\/www.unidroit.org\/fr\/wp-json\/wp\/v2\/tags?post=8122"}],"curies":[{"name":"wp","href":"https:\/\/api.w.org\/{rel}","templated":true}]}}