{"id":8131,"date":"2015-10-22T10:57:25","date_gmt":"2015-10-22T10:57:25","guid":{"rendered":"https:\/\/www.unidroit.org\/?p=8131"},"modified":"2021-08-18T10:55:13","modified_gmt":"2021-08-18T10:55:13","slug":"defis-pour-la-productivite-agricole-dans-le-monde-les-perspectives-du-guide-juridique-unidroit-fao-fida-pour-lagriculture-contractuelle-et-son-application-en-colombie","status":"publish","type":"post","link":"https:\/\/www.unidroit.org\/fr\/defis-pour-la-productivite-agricole-dans-le-monde-les-perspectives-du-guide-juridique-unidroit-fao-fida-pour-lagriculture-contractuelle-et-son-application-en-colombie\/","title":{"rendered":"DEFIS POUR LA PRODUCTIVITE AGRICOLE DANS LE MONDE \u2013 LES PERSPECTIVES DU GUIDE JURIDIQUE UNIDROIT\/FAO\/FIDA POUR L\u2019AGRICULTURE CONTRACTUELLE ET SON APPLICATION EN COLOMBIE"},"content":{"rendered":"<p>Le 21 octobre 2015, le d\u00e9partement de droit des affaires, la chaire des affaires rurales et le cours de sp\u00e9cialisation en droit foncier de l\u2019Universidad Externado de Colombia et UNIDROIT ont organis\u00e9 conjointement un s\u00e9minaire ayant pour objectif principal de discuter du Guide juridique sur l\u2019agriculture contractuelle, pr\u00e9par\u00e9 par UNIDROIT, l\u2019Organisation des Nations Unies pour l\u2019alimentation et l\u2019agriculture (FAO) et le Fonds international de d\u00e9veloppement agricole (FIDA), avec la participation de repr\u00e9sentants d\u2019UNIDROIT, M. Jos\u00e9 Angelo Estrella Faria, Secr\u00e9taire G\u00e9n\u00e9ral, et M. Fabrizio Cafaggi, membre du Groupe de travail sur l\u2019agriculture contractuelle, ainsi que des repr\u00e9sentants du Gouvernement colombien et du monde universitaire.<\/p>\n<p><a href=\"http:\/\/www.uexternado.edu.co\/esp\/noticias\/productividad_agricola.html\" target=\"_blank\" rel=\"noopener\">Informaci\u00f3n<\/a>\u00a0\u2013\u00a0<a href=\"https:\/\/www.unidroit.org\/english\/news\/2015\/20151021-cf-legal-guide-colombia\/programme-s.pdf\">Programa<\/a>\u00a0\u2013\u00a0<a href=\"https:\/\/www.unidroit.org\/english\/news\/2015\/20151021-cf-legal-guide-colombia\/relacion-s.pdf\">Relaci\u00f3n del Seminario<\/a><\/p>\n<p>Vid\u00e9os:\u00a0<a href=\"http:\/\/original.livestream.com\/externadotv\/video?clipId=pla_6297d1eb-9786-4e19-bf63-5d9d9694f60f\" target=\"_blank\" rel=\"noopener\">Partie 1<\/a>\u00a0\u2013\u00a0<a href=\"http:\/\/original.livestream.com\/externadotv\/video?clipId=pla_f668911d-2d99-420e-97f1-35b6e4b36140\" target=\"_blank\" rel=\"noopener\">Partie 2<\/a>\u00a0\u2013\u00a0<a href=\"http:\/\/original.livestream.com\/externadotv\/video?clipId=pla_1f906973-b65b-451a-b5c9-fe85dafae910&amp;utm_source=lslibrary&amp;utm_medium=ui-thumb\" target=\"_blank\" rel=\"noopener\">Partie 3<\/a>\u00a0\u2013\u00a0<a href=\"http:\/\/original.livestream.com\/externadotv\/video?clipId=pla_12121ae5-44ea-48b0-bfd6-3d10673d489c&amp;utm_source=lslibrary&amp;utm_medium=ui-thumb\" target=\"_blank\" rel=\"noopener\">Partie 4<\/a>\u00a0\u2013<a href=\"http:\/\/original.livestream.com\/externadotv\/video?clipId=pla_da2c2718-7c3e-48e0-ad4c-0bf95f9e3933&amp;utm_source=lslibrary&amp;utm_medium=ui-thumb\" target=\"_blank\" rel=\"noopener\">\u00a0Partie 5\u00a0<\/a>\u2013\u00a0<a href=\"http:\/\/original.livestream.com\/externadotv\/video?clipId=pla_b66dcab4-409e-43b7-8db7-bcbeeed62007&amp;utm_source=lslibrary&amp;utm_medium=ui-thumb\" target=\"_blank\" rel=\"noopener\">Partie 6<\/a><\/p>\n","protected":false},"excerpt":{"rendered":"<p>Le 21 octobre 2015, le d\u00e9partement de droit des affaires, la chaire des affaires rurales et le cours de sp\u00e9cialisation en droit foncier de l\u2019Universidad Externado de Colombia et UNIDROIT ont organis\u00e9 conjointement un s\u00e9minaire ayant pour objectif principal de discuter du Guide juridique sur&nbsp;<a href=\"https:\/\/www.unidroit.org\/fr\/defis-pour-la-productivite-agricole-dans-le-monde-les-perspectives-du-guide-juridique-unidroit-fao-fida-pour-lagriculture-contractuelle-et-son-application-en-colombie\/\">&hellip;<\/a><\/p>\n","protected":false},"author":5,"featured_media":0,"comment_status":"closed","ping_status":"closed","sticky":false,"template":"","format":"standard","meta":{"ep_exclude_from_search":false,"footnotes":""},"categories":[79],"tags":[],"class_list":["post-8131","post","type-post","status-publish","format-standard","hentry","category-actualites","odd"],"_links":{"self":[{"href":"https:\/\/www.unidroit.org\/fr\/wp-json\/wp\/v2\/posts\/8131","targetHints":{"allow":["GET"]}}],"collection":[{"href":"https:\/\/www.unidroit.org\/fr\/wp-json\/wp\/v2\/posts"}],"about":[{"href":"https:\/\/www.unidroit.org\/fr\/wp-json\/wp\/v2\/types\/post"}],"author":[{"embeddable":true,"href":"https:\/\/www.unidroit.org\/fr\/wp-json\/wp\/v2\/users\/5"}],"replies":[{"embeddable":true,"href":"https:\/\/www.unidroit.org\/fr\/wp-json\/wp\/v2\/comments?post=8131"}],"version-history":[{"count":0,"href":"https:\/\/www.unidroit.org\/fr\/wp-json\/wp\/v2\/posts\/8131\/revisions"}],"wp:attachment":[{"href":"https:\/\/www.unidroit.org\/fr\/wp-json\/wp\/v2\/media?parent=8131"}],"wp:term":[{"taxonomy":"category","embeddable":true,"href":"https:\/\/www.unidroit.org\/fr\/wp-json\/wp\/v2\/categories?post=8131"},{"taxonomy":"post_tag","embeddable":true,"href":"https:\/\/www.unidroit.org\/fr\/wp-json\/wp\/v2\/tags?post=8131"}],"curies":[{"name":"wp","href":"https:\/\/api.w.org\/{rel}","templated":true}]}}