{"id":8133,"date":"2015-10-19T10:58:12","date_gmt":"2015-10-19T10:58:12","guid":{"rendered":"https:\/\/www.unidroit.org\/?p=8133"},"modified":"2021-08-18T10:55:13","modified_gmt":"2021-08-18T10:55:13","slug":"bc-law-et-unidroit-master-intitule-business-and-company-law-european-and-international-perspectives-journee-portes-ouvertes","status":"publish","type":"post","link":"https:\/\/www.unidroit.org\/fr\/bc-law-et-unidroit-master-intitule-business-and-company-law-european-and-international-perspectives-journee-portes-ouvertes\/","title":{"rendered":"B&amp;C LAW ET UNIDROIT &#8211; MASTER INTITULE &#8220;BUSINESS AND COMPANY LAW: EUROPEAN AND INTERNATIONAL PERSPECTIVES&#8221; \u2013 JOURNEE PORTES OUVERTES"},"content":{"rendered":"<p>Le 16 octobre 2015, le Secr\u00e9taire G\u00e9n\u00e9ral et le Secr\u00e9taire G\u00e9n\u00e9ral adjoint d\u2019UNIDROIT, ont \u00e9t\u00e9 convi\u00e9s \u00e0 la conf\u00e9rence de lancement de la 4\u00e8me \u00e9dition du Masters LUISS Business and Company Law (B&amp;C Law). L\u2019\u00e9v\u00e9nement, couronn\u00e9 de succ\u00e8s, a compt\u00e9 environ [\u2026] participants qui ont assist\u00e9 aux pr\u00e9sentations de l\u2019apr\u00e8s-midi sur les th\u00e8mes suivants: \u201cThe Lex Mercatoria and the UNIDROIT Principles of International Commercial Contracts\u201d par Anna Veneziano, Secr\u00e9taire G\u00e9n\u00e9ral adjoint et \u201cOverview of the law of the international carriage of goods by sea as compared to carriage by road\u201dpar Jos\u00e9 Angelo Estrella Faria, Secr\u00e9taire G\u00e9n\u00e9ral.<\/p>\n<p>Cliquer\u00a0<a href=\"http:\/\/companylaw.postlauream.luiss.it\/bc-law-incontra-i-protagonisti\/\" target=\"_blank\" rel=\"noopener\">ici<\/a>\u00a0pour le site et le programme du Master<\/p>\n<table>\n<tbody>\n<tr>\n<td><\/td>\n<td>\u00a0<img loading=\"lazy\" decoding=\"async\" src=\"https:\/\/www.unidroit.org\/english\/news\/2015\/20151016-luiss-unidroit-bclaw\/pict01.jpg\" alt=\"pict01\" width=\"462\" height=\"321\" \/><\/p>\n<table>\n<tbody>\n<tr>\n<td><em>De gauche \u00e0 droite: Mme Simona Sardelli (Coordinatrice B&amp;C Law), M. Paolo Tullio (Coordinateur B&amp;C Law), Mme Anna Veneziano (Secr\u00e9taire G\u00e9n\u00e9ral adjoint, UNIDROIT), Mme la Professeure Barbara De Donno (Directrice B&amp;C Law), M. Jos\u00e9 Angelo Estrella Faria (Secr\u00e9taire G\u00e9n\u00e9ral, UNIDROIT) et M. Ercole de Vito (Coordinateur B&amp;C Law et Assistant de recherches, UNIDROIT) au lancement de la 4\u00e8me \u00e9dition du Masters LUISS Business and Company Law (B&amp;C Law).<\/em><\/td>\n<\/tr>\n<\/tbody>\n<\/table>\n<\/td>\n<\/tr>\n<\/tbody>\n<\/table>\n","protected":false},"excerpt":{"rendered":"<p>Le 16 octobre 2015, le Secr\u00e9taire G\u00e9n\u00e9ral et le Secr\u00e9taire G\u00e9n\u00e9ral adjoint d\u2019UNIDROIT, ont \u00e9t\u00e9 convi\u00e9s \u00e0 la conf\u00e9rence de lancement de la 4\u00e8me \u00e9dition du Masters LUISS Business and Company Law (B&amp;C Law). L\u2019\u00e9v\u00e9nement, couronn\u00e9 de succ\u00e8s, a compt\u00e9 environ [\u2026] participants qui ont&nbsp;<a href=\"https:\/\/www.unidroit.org\/fr\/bc-law-et-unidroit-master-intitule-business-and-company-law-european-and-international-perspectives-journee-portes-ouvertes\/\">&hellip;<\/a><\/p>\n","protected":false},"author":5,"featured_media":9559,"comment_status":"closed","ping_status":"closed","sticky":false,"template":"","format":"standard","meta":{"ep_exclude_from_search":false,"footnotes":""},"categories":[79],"tags":[],"class_list":["post-8133","post","type-post","status-publish","format-standard","has-post-thumbnail","hentry","category-actualites","odd"],"_links":{"self":[{"href":"https:\/\/www.unidroit.org\/fr\/wp-json\/wp\/v2\/posts\/8133","targetHints":{"allow":["GET"]}}],"collection":[{"href":"https:\/\/www.unidroit.org\/fr\/wp-json\/wp\/v2\/posts"}],"about":[{"href":"https:\/\/www.unidroit.org\/fr\/wp-json\/wp\/v2\/types\/post"}],"author":[{"embeddable":true,"href":"https:\/\/www.unidroit.org\/fr\/wp-json\/wp\/v2\/users\/5"}],"replies":[{"embeddable":true,"href":"https:\/\/www.unidroit.org\/fr\/wp-json\/wp\/v2\/comments?post=8133"}],"version-history":[{"count":0,"href":"https:\/\/www.unidroit.org\/fr\/wp-json\/wp\/v2\/posts\/8133\/revisions"}],"wp:featuredmedia":[{"embeddable":true,"href":"https:\/\/www.unidroit.org\/fr\/wp-json\/wp\/v2\/media\/9559"}],"wp:attachment":[{"href":"https:\/\/www.unidroit.org\/fr\/wp-json\/wp\/v2\/media?parent=8133"}],"wp:term":[{"taxonomy":"category","embeddable":true,"href":"https:\/\/www.unidroit.org\/fr\/wp-json\/wp\/v2\/categories?post=8133"},{"taxonomy":"post_tag","embeddable":true,"href":"https:\/\/www.unidroit.org\/fr\/wp-json\/wp\/v2\/tags?post=8133"}],"curies":[{"name":"wp","href":"https:\/\/api.w.org\/{rel}","templated":true}]}}