{"id":8137,"date":"2015-10-15T10:59:11","date_gmt":"2015-10-15T10:59:11","guid":{"rendered":"https:\/\/www.unidroit.org\/?p=8137"},"modified":"2021-08-18T10:55:13","modified_gmt":"2021-08-18T10:55:13","slug":"unidroit-et-rucellai-raffaelli-accueillent-une-conference-sur-la-convention-du-cap","status":"publish","type":"post","link":"https:\/\/www.unidroit.org\/fr\/unidroit-et-rucellai-raffaelli-accueillent-une-conference-sur-la-convention-du-cap\/","title":{"rendered":"UNIDROIT ET RUCELLAI &amp; RAFFAELLI ACCUEILLENT UNE CONFERENCE SUR LA CONVENTION DU CAP"},"content":{"rendered":"<p>Le 15 octobre 2015, Alberto Mazzoni, Pr\u00e9sident, Jos\u00e9 Angelo Estrella Faria, Secr\u00e9taire G\u00e9n\u00e9ral, et Anna Veneziano, Secr\u00e9taire G\u00e9n\u00e9ral adjoint, ont pr\u00e9sent\u00e9 la Convention du Cap et les Protocoles ferroviaires et a\u00e9ronautiques y relatifs lors d\u2019une rencontre organis\u00e9e conjointement avec le cabinet d\u2019avocats italien\u00a0 Rucellai &amp; Raffaelli. La conf\u00e9rence &#8211; qui s\u2019est tenue dans les bureaux milanais du cabinet Rucellai &amp; Raffaelli \u2013 entendait informer les juristes, les parties int\u00e9ress\u00e9s par le financement et des repr\u00e9sentants du monde l\u2019industrie sur la Convention et les b\u00e9n\u00e9fices potentiels d\u2019une ratification de l\u2019Italie.<\/p>\n<p>Pour le programme complet de la conf\u00e9rence, cliquer sur ce\u00a0<a href=\"https:\/\/www.unidroit.org\/italian\/news\/2015\/20151015-unidroit-rucellai-raffaelli-ctc\/programme-i.pdf\">lien<\/a><\/p>\n<p>Pour le communiqu\u00e9 de presse (en italien), cliquer sur ce\u00a0<a href=\"https:\/\/www.unidroit.org\/italian\/news\/2015\/20151015-unidroit-rucellai-raffaelli-ctc\/press-release-i.pdf\">lien<\/a><\/p>\n<p>&nbsp;<\/p>\n","protected":false},"excerpt":{"rendered":"<p>Le 15 octobre 2015, Alberto Mazzoni, Pr\u00e9sident, Jos\u00e9 Angelo Estrella Faria, Secr\u00e9taire G\u00e9n\u00e9ral, et Anna Veneziano, Secr\u00e9taire G\u00e9n\u00e9ral adjoint, ont pr\u00e9sent\u00e9 la Convention du Cap et les Protocoles ferroviaires et a\u00e9ronautiques y relatifs lors d\u2019une rencontre organis\u00e9e conjointement avec le cabinet d\u2019avocats italien\u00a0 Rucellai &amp;&nbsp;<a href=\"https:\/\/www.unidroit.org\/fr\/unidroit-et-rucellai-raffaelli-accueillent-une-conference-sur-la-convention-du-cap\/\">&hellip;<\/a><\/p>\n","protected":false},"author":5,"featured_media":0,"comment_status":"closed","ping_status":"closed","sticky":false,"template":"","format":"standard","meta":{"ep_exclude_from_search":false,"footnotes":""},"categories":[79],"tags":[],"class_list":["post-8137","post","type-post","status-publish","format-standard","hentry","category-actualites","odd"],"_links":{"self":[{"href":"https:\/\/www.unidroit.org\/fr\/wp-json\/wp\/v2\/posts\/8137","targetHints":{"allow":["GET"]}}],"collection":[{"href":"https:\/\/www.unidroit.org\/fr\/wp-json\/wp\/v2\/posts"}],"about":[{"href":"https:\/\/www.unidroit.org\/fr\/wp-json\/wp\/v2\/types\/post"}],"author":[{"embeddable":true,"href":"https:\/\/www.unidroit.org\/fr\/wp-json\/wp\/v2\/users\/5"}],"replies":[{"embeddable":true,"href":"https:\/\/www.unidroit.org\/fr\/wp-json\/wp\/v2\/comments?post=8137"}],"version-history":[{"count":0,"href":"https:\/\/www.unidroit.org\/fr\/wp-json\/wp\/v2\/posts\/8137\/revisions"}],"wp:attachment":[{"href":"https:\/\/www.unidroit.org\/fr\/wp-json\/wp\/v2\/media?parent=8137"}],"wp:term":[{"taxonomy":"category","embeddable":true,"href":"https:\/\/www.unidroit.org\/fr\/wp-json\/wp\/v2\/categories?post=8137"},{"taxonomy":"post_tag","embeddable":true,"href":"https:\/\/www.unidroit.org\/fr\/wp-json\/wp\/v2\/tags?post=8137"}],"curies":[{"name":"wp","href":"https:\/\/api.w.org\/{rel}","templated":true}]}}