{"id":8173,"date":"2015-04-13T13:32:50","date_gmt":"2015-04-13T13:32:50","guid":{"rendered":"https:\/\/www.unidroit.org\/?p=8173"},"modified":"2021-08-18T10:55:15","modified_gmt":"2021-08-18T10:55:15","slug":"procedure-civile-transnationale-projet-eli-unidroit-reunion-du-comite-pilote","status":"publish","type":"post","link":"https:\/\/www.unidroit.org\/fr\/procedure-civile-transnationale-projet-eli-unidroit-reunion-du-comite-pilote\/","title":{"rendered":"PROCEDURE CIVILE TRANSNATIONALE PROJET ELI-UNIDROIT REUNION DU COMITE PILOTE"},"content":{"rendered":"<p>Une r\u00e9union conjointe du Comit\u00e9 pilote et des pr\u00e9sidents des Groupes de travail du projet s&#8217;est tenue \u00e0 Bruxelles, le 16 avril 2015. L\u2019Ordre du jour a inclus des rapports interm\u00e9diaires des premiers trois Groupes de travail (acc\u00e8s \u00e0 l\u2019information et preuve, mesures provisoires et conservatoires et signification et notification des documents) et les premiers rapports des Groupes sur lis pendens et res judicata, et obligations des parties et des avocats.<br \/>\n<a href=\"https:\/\/www.unidroit.org\/fr\/travaux-en-cours-etudes\/current-studies-fr\/procedure-civile-transnationale\">&gt;&gt;&gt; Page du projet<\/a><\/p>\n","protected":false},"excerpt":{"rendered":"<p>Une r\u00e9union conjointe du Comit\u00e9 pilote et des pr\u00e9sidents des Groupes de travail du projet s&#8217;est tenue \u00e0 Bruxelles, le 16 avril 2015. L\u2019Ordre du jour a inclus des rapports interm\u00e9diaires des premiers trois Groupes de travail (acc\u00e8s \u00e0 l\u2019information et preuve, mesures provisoires et&nbsp;<a href=\"https:\/\/www.unidroit.org\/fr\/procedure-civile-transnationale-projet-eli-unidroit-reunion-du-comite-pilote\/\">&hellip;<\/a><\/p>\n","protected":false},"author":5,"featured_media":0,"comment_status":"closed","ping_status":"closed","sticky":false,"template":"","format":"standard","meta":{"ep_exclude_from_search":false,"footnotes":""},"categories":[79],"tags":[],"class_list":["post-8173","post","type-post","status-publish","format-standard","hentry","category-actualites","odd"],"_links":{"self":[{"href":"https:\/\/www.unidroit.org\/fr\/wp-json\/wp\/v2\/posts\/8173","targetHints":{"allow":["GET"]}}],"collection":[{"href":"https:\/\/www.unidroit.org\/fr\/wp-json\/wp\/v2\/posts"}],"about":[{"href":"https:\/\/www.unidroit.org\/fr\/wp-json\/wp\/v2\/types\/post"}],"author":[{"embeddable":true,"href":"https:\/\/www.unidroit.org\/fr\/wp-json\/wp\/v2\/users\/5"}],"replies":[{"embeddable":true,"href":"https:\/\/www.unidroit.org\/fr\/wp-json\/wp\/v2\/comments?post=8173"}],"version-history":[{"count":0,"href":"https:\/\/www.unidroit.org\/fr\/wp-json\/wp\/v2\/posts\/8173\/revisions"}],"wp:attachment":[{"href":"https:\/\/www.unidroit.org\/fr\/wp-json\/wp\/v2\/media?parent=8173"}],"wp:term":[{"taxonomy":"category","embeddable":true,"href":"https:\/\/www.unidroit.org\/fr\/wp-json\/wp\/v2\/categories?post=8173"},{"taxonomy":"post_tag","embeddable":true,"href":"https:\/\/www.unidroit.org\/fr\/wp-json\/wp\/v2\/tags?post=8173"}],"curies":[{"name":"wp","href":"https:\/\/api.w.org\/{rel}","templated":true}]}}