{"id":8181,"date":"2015-03-30T13:35:55","date_gmt":"2015-03-30T13:35:55","guid":{"rendered":"https:\/\/www.unidroit.org\/?p=8181"},"modified":"2021-08-18T10:55:39","modified_gmt":"2021-08-18T10:55:39","slug":"protocole-de-luxembourg-portant-sur-les-questions-specifiques-au-materiel-roulant-ferroviaire-a-la-convention-du-cap-reunion-du-groupe-de-travail-sur-la-ratification-a-bruxelles","status":"publish","type":"post","link":"https:\/\/www.unidroit.org\/fr\/protocole-de-luxembourg-portant-sur-les-questions-specifiques-au-materiel-roulant-ferroviaire-a-la-convention-du-cap-reunion-du-groupe-de-travail-sur-la-ratification-a-bruxelles\/","title":{"rendered":"PROTOCOLE DE LUXEMBOURG PORTANT SUR LES QUESTIONS SP\u00c9CIFIQUES AU MAT\u00c9RIEL ROULANT FERROVIAIRE \u00c0 LA CONVENTION DU CAP \u2013 R\u00c9UNION DU GROUPE DE TRAVAIL SUR LA RATIFICATION \u00c0 BRUXELLES"},"content":{"rendered":"<p>Le Groupe de travail sur la ratification, \u00e9tabli par la Commission pr\u00e9paratoire pour l\u2019\u00e9tablissement d\u2019un registre international en vertu du Protocole de Luxembourg, s\u2019est r\u00e9uni \u00e0 Bruxelles le 25 mars dernier, avec l\u2019objectif principal de fixer des priorit\u00e9s pour approcher des Gouvernements et impliquer des parties prenantes dans les Etats susceptibles de ratifier.<\/p>\n<p>Ont particip\u00e9 \u00e0 la r\u00e9union notamment les co-pr\u00e9sidents de la Commission pr\u00e9paratoire Peter Bloch (USA) et Tuire Simonen (Finlande), des repr\u00e9sentants de l\u2019OTIF, d\u2019UNIDROIT, de SITA ainsi que du Conservateur d\u00e9sign\u00e9 Regulis SA. Le Gouvernement du Luxembourg et le Groupe de travail ferroviaire \u00e9taient \u00e9galement repr\u00e9sent\u00e9s \u00e0 la r\u00e9union.<\/p>\n<p>Pour plus d\u2019informations sur le Protocole (ferroviaire) de Luxembourg et la Commission pr\u00e9paratoire, voir\u00a0[<a href=\"https:\/\/www.unidroit.org\/fr\/travaux-en-cours-etudes\/current-studies-fr\/commission-preparatoire-protocole-ferroviaire\">lien \u00e0 la page de la Commission pr\u00e9paratoire<\/a>]<\/p>\n","protected":false},"excerpt":{"rendered":"<p>Le Groupe de travail sur la ratification, \u00e9tabli par la Commission pr\u00e9paratoire pour l\u2019\u00e9tablissement d\u2019un registre international en vertu du Protocole de Luxembourg, s\u2019est r\u00e9uni \u00e0 Bruxelles le 25 mars dernier, avec l\u2019objectif principal de fixer des priorit\u00e9s pour approcher des Gouvernements et impliquer des&nbsp;<a href=\"https:\/\/www.unidroit.org\/fr\/protocole-de-luxembourg-portant-sur-les-questions-specifiques-au-materiel-roulant-ferroviaire-a-la-convention-du-cap-reunion-du-groupe-de-travail-sur-la-ratification-a-bruxelles\/\">&hellip;<\/a><\/p>\n","protected":false},"author":5,"featured_media":0,"comment_status":"closed","ping_status":"closed","sticky":false,"template":"","format":"standard","meta":{"ep_exclude_from_search":false,"footnotes":""},"categories":[79],"tags":[],"class_list":["post-8181","post","type-post","status-publish","format-standard","hentry","category-actualites","odd"],"_links":{"self":[{"href":"https:\/\/www.unidroit.org\/fr\/wp-json\/wp\/v2\/posts\/8181","targetHints":{"allow":["GET"]}}],"collection":[{"href":"https:\/\/www.unidroit.org\/fr\/wp-json\/wp\/v2\/posts"}],"about":[{"href":"https:\/\/www.unidroit.org\/fr\/wp-json\/wp\/v2\/types\/post"}],"author":[{"embeddable":true,"href":"https:\/\/www.unidroit.org\/fr\/wp-json\/wp\/v2\/users\/5"}],"replies":[{"embeddable":true,"href":"https:\/\/www.unidroit.org\/fr\/wp-json\/wp\/v2\/comments?post=8181"}],"version-history":[{"count":0,"href":"https:\/\/www.unidroit.org\/fr\/wp-json\/wp\/v2\/posts\/8181\/revisions"}],"wp:attachment":[{"href":"https:\/\/www.unidroit.org\/fr\/wp-json\/wp\/v2\/media?parent=8181"}],"wp:term":[{"taxonomy":"category","embeddable":true,"href":"https:\/\/www.unidroit.org\/fr\/wp-json\/wp\/v2\/categories?post=8181"},{"taxonomy":"post_tag","embeddable":true,"href":"https:\/\/www.unidroit.org\/fr\/wp-json\/wp\/v2\/tags?post=8181"}],"curies":[{"name":"wp","href":"https:\/\/api.w.org\/{rel}","templated":true}]}}