{"id":8183,"date":"2015-03-12T13:37:09","date_gmt":"2015-03-12T13:37:09","guid":{"rendered":"https:\/\/www.unidroit.org\/?p=8183"},"modified":"2021-08-18T10:55:40","modified_gmt":"2021-08-18T10:55:40","slug":"biens-culturels-conference-internationale-convention-1995-20-ans-apres-rome-8-mai-2015","status":"publish","type":"post","link":"https:\/\/www.unidroit.org\/fr\/biens-culturels-conference-internationale-convention-1995-20-ans-apres-rome-8-mai-2015\/","title":{"rendered":"BIENS CULTURELS, CONFERENCE INTERNATIONALE, CONVENTION 1995 &#8211; 20 ANS APRES (ROME, 8 MAI 2015)"},"content":{"rendered":"<p><img loading=\"lazy\" decoding=\"async\" src=\"https:\/\/www.unidroit.org\/french\/news\/2015\/20150508-conv-culturalobjects-20years\/flyer-f.jpg\" alt=\"flyer f\" width=\"200\" height=\"288\" \/><\/p>\n<p>Les inscriptions pour la Conf\u00e9rence\u00a0 sont closes (plus de places disponibles). Une liste d\u2019attente est mise en place et le Secr\u00e9tariat d\u2019UNIDROIT confirmera l\u2019\u00e9ventuelle participation,\u00a0<strong>faute de quoi l&#8217;acc\u00e8s \u00e0 la salle de conf\u00e9rence du Capitole ne sera pas autoris\u00e9.<\/strong><\/p>\n<p>Merci de votre compr\u00e9hension.<\/p>\n<p>La lutte contre le trafic illicite des biens culturels est une priorit\u00e9, mais elle est aussi une responsabilit\u00e9 collective.<\/p>\n<p>Le trafic illicite des biens culturels est un fl\u00e9au qui ne cesse de s\u2019accro\u00eetre et de prendre des formes nouvelles. Son combat est devenu une priorit\u00e9 de la communaut\u00e9 internationale. Le vingti\u00e8me anniversaire de la Convention d\u2019UNIDROIT sur les biens culturels vol\u00e9s ou illicitement export\u00e9s offre l\u2019occasion d\u2019\u00e9valuer l\u2019importance, les traits distinctifs et les aspects op\u00e9rationnels de cet instrument normatif ainsi que son interaction avec d\u2019autres, notamment la Convention de l\u2019UNESCO de 1970 concernant les mesures \u00e0 prendre pour interdire et emp\u00eacher l\u2019importation, l\u2019exportation et le transfert de propri\u00e9t\u00e9 illicites des biens culturels et la Directive europ\u00e9enne relative \u00e0 la restitution de biens culturels ayant quitt\u00e9 illicitement le territoire d&#8217;un Etat membre de 2014.<\/p>\n<p>Cet anniversaire sera \u00e9galement l\u2019occasion de rappeler que l\u2019essentiel des r\u00e8gles existe et que l\u2019enjeu consiste \u00e0 nous assurer que ces r\u00e8gles soient mieux connues et vigoureusement appliqu\u00e9es.<\/p>\n<ul>\n<li><a href=\"https:\/\/www.unidroit.org\/french\/news\/2015\/20150508-conv-culturalobjects-20years\/programme-f.pdf\">Programme de la Conf\u00e9rence<\/a><\/li>\n<li><a href=\"https:\/\/www.unidroit.org\/french\/news\/2015\/20150508-conv-culturalobjects-20years\/infprat-f.pdf\">Informations pratiques relatives \u00e0 la Conf\u00e9rence<\/a><\/li>\n<li><a href=\"https:\/\/www.unidroit.org\/fr\/instruments\/biens-culturels\/convention-de-1995\">Page g\u00e9n\u00e9rale sur la Convention de 1995<\/a><\/li>\n<li><a href=\"https:\/\/www.unidroit.org\/french\/news\/2015\/20150508-conv-culturalobjects-20years\/transferts-f.pdf\">Transferts de et vers les a\u00e9roports de Rome<\/a><\/li>\n<\/ul>\n<p>Sous le patronage du\u00a0<em>Minist\u00e8re italien des biens et des activit\u00e9s culturelles et du tourisme<\/em>\u00a0et avec le soutien de la\u00a0<em>Soci\u00e9t\u00e9 internationale pour la recherche sur le droit du patrimoine culturel et le droit de l&#8217;art<\/em><\/p>\n","protected":false},"excerpt":{"rendered":"<p>Les inscriptions pour la Conf\u00e9rence\u00a0 sont closes (plus de places disponibles). Une liste d\u2019attente est mise en place et le Secr\u00e9tariat d\u2019UNIDROIT confirmera l\u2019\u00e9ventuelle participation,\u00a0faute de quoi l&#8217;acc\u00e8s \u00e0 la salle de conf\u00e9rence du Capitole ne sera pas autoris\u00e9. Merci de votre compr\u00e9hension. La lutte&nbsp;<a href=\"https:\/\/www.unidroit.org\/fr\/biens-culturels-conference-internationale-convention-1995-20-ans-apres-rome-8-mai-2015\/\">&hellip;<\/a><\/p>\n","protected":false},"author":5,"featured_media":9561,"comment_status":"closed","ping_status":"closed","sticky":false,"template":"","format":"standard","meta":{"ep_exclude_from_search":false,"footnotes":""},"categories":[79],"tags":[],"class_list":["post-8183","post","type-post","status-publish","format-standard","has-post-thumbnail","hentry","category-actualites","odd"],"_links":{"self":[{"href":"https:\/\/www.unidroit.org\/fr\/wp-json\/wp\/v2\/posts\/8183","targetHints":{"allow":["GET"]}}],"collection":[{"href":"https:\/\/www.unidroit.org\/fr\/wp-json\/wp\/v2\/posts"}],"about":[{"href":"https:\/\/www.unidroit.org\/fr\/wp-json\/wp\/v2\/types\/post"}],"author":[{"embeddable":true,"href":"https:\/\/www.unidroit.org\/fr\/wp-json\/wp\/v2\/users\/5"}],"replies":[{"embeddable":true,"href":"https:\/\/www.unidroit.org\/fr\/wp-json\/wp\/v2\/comments?post=8183"}],"version-history":[{"count":0,"href":"https:\/\/www.unidroit.org\/fr\/wp-json\/wp\/v2\/posts\/8183\/revisions"}],"wp:featuredmedia":[{"embeddable":true,"href":"https:\/\/www.unidroit.org\/fr\/wp-json\/wp\/v2\/media\/9561"}],"wp:attachment":[{"href":"https:\/\/www.unidroit.org\/fr\/wp-json\/wp\/v2\/media?parent=8183"}],"wp:term":[{"taxonomy":"category","embeddable":true,"href":"https:\/\/www.unidroit.org\/fr\/wp-json\/wp\/v2\/categories?post=8183"},{"taxonomy":"post_tag","embeddable":true,"href":"https:\/\/www.unidroit.org\/fr\/wp-json\/wp\/v2\/tags?post=8183"}],"curies":[{"name":"wp","href":"https:\/\/api.w.org\/{rel}","templated":true}]}}