{"id":8196,"date":"2014-12-19T13:40:51","date_gmt":"2014-12-19T13:40:51","guid":{"rendered":"https:\/\/www.unidroit.org\/?p=8196"},"modified":"2021-08-18T10:55:40","modified_gmt":"2021-08-18T10:55:40","slug":"groupe-de-travail-sur-les-contrats-a-long-terme-rome-19-22-janvier-2015","status":"publish","type":"post","link":"https:\/\/www.unidroit.org\/fr\/groupe-de-travail-sur-les-contrats-a-long-terme-rome-19-22-janvier-2015\/","title":{"rendered":"GROUPE DE TRAVAIL SUR LES CONTRATS A LONG TERME (ROME, 19-22 JANVIER 2015)"},"content":{"rendered":"<p>Un Groupe de travail restreint sur les contrats \u00e0 long terme s&#8217;est reuni du 19 au 22 janvier 2015 dans le but de formuler des propositions pr\u00e9cises de modifications et adjonctions appropri\u00e9es aux dispositions et aux commentaires des Principes d&#8217;UNIDROIT relatifs aux contrats du commerce international 2010.<br \/>\n<a href=\"https:\/\/www.unidroit.org\/fr\/presentation\/programme-de-travail?id=1576\">&gt;&gt;&gt; Plus d\u2019informations<\/a><\/p>\n","protected":false},"excerpt":{"rendered":"<p>Un Groupe de travail restreint sur les contrats \u00e0 long terme s&#8217;est reuni du 19 au 22 janvier 2015 dans le but de formuler des propositions pr\u00e9cises de modifications et adjonctions appropri\u00e9es aux dispositions et aux commentaires des Principes d&#8217;UNIDROIT relatifs aux contrats du commerce&nbsp;<a href=\"https:\/\/www.unidroit.org\/fr\/groupe-de-travail-sur-les-contrats-a-long-terme-rome-19-22-janvier-2015\/\">&hellip;<\/a><\/p>\n","protected":false},"author":5,"featured_media":0,"comment_status":"closed","ping_status":"closed","sticky":false,"template":"","format":"standard","meta":{"ep_exclude_from_search":false,"footnotes":""},"categories":[79],"tags":[],"class_list":["post-8196","post","type-post","status-publish","format-standard","hentry","category-actualites","odd"],"_links":{"self":[{"href":"https:\/\/www.unidroit.org\/fr\/wp-json\/wp\/v2\/posts\/8196","targetHints":{"allow":["GET"]}}],"collection":[{"href":"https:\/\/www.unidroit.org\/fr\/wp-json\/wp\/v2\/posts"}],"about":[{"href":"https:\/\/www.unidroit.org\/fr\/wp-json\/wp\/v2\/types\/post"}],"author":[{"embeddable":true,"href":"https:\/\/www.unidroit.org\/fr\/wp-json\/wp\/v2\/users\/5"}],"replies":[{"embeddable":true,"href":"https:\/\/www.unidroit.org\/fr\/wp-json\/wp\/v2\/comments?post=8196"}],"version-history":[{"count":0,"href":"https:\/\/www.unidroit.org\/fr\/wp-json\/wp\/v2\/posts\/8196\/revisions"}],"wp:attachment":[{"href":"https:\/\/www.unidroit.org\/fr\/wp-json\/wp\/v2\/media?parent=8196"}],"wp:term":[{"taxonomy":"category","embeddable":true,"href":"https:\/\/www.unidroit.org\/fr\/wp-json\/wp\/v2\/categories?post=8196"},{"taxonomy":"post_tag","embeddable":true,"href":"https:\/\/www.unidroit.org\/fr\/wp-json\/wp\/v2\/tags?post=8196"}],"curies":[{"name":"wp","href":"https:\/\/api.w.org\/{rel}","templated":true}]}}