{"id":8242,"date":"2014-10-28T13:53:50","date_gmt":"2014-10-28T13:53:50","guid":{"rendered":"https:\/\/www.unidroit.org\/?p=8242"},"modified":"2021-08-18T10:56:13","modified_gmt":"2021-08-18T10:56:13","slug":"seminaire-europeen-sur-le-protocole-ferroviaire-de-luxembourg","status":"publish","type":"post","link":"https:\/\/www.unidroit.org\/fr\/seminaire-europeen-sur-le-protocole-ferroviaire-de-luxembourg\/","title":{"rendered":"SEMINAIRE EUROPEEN SUR LE PROTOCOLE FERROVIAIRE DE LUXEMBOURG"},"content":{"rendered":"<p>Le s\u00e9minaire s\u2019est tenu \u00e0 Berlin le 22 septembre 2014. Le s\u00e9minaire, \u00e0 l\u2019attention des repr\u00e9sentants des Gouvernements et des autorit\u00e9s a\u00e9ronautiques comp\u00e9tentes ainsi que des experts du secteur, entendait promouvoir la Convention du Cap et ses Protocoles. Vu les r\u00e9sultats positifs obtenus dans le secteur a\u00e9ronautique, il visait \u00e0 promouvoir la mise en \u0153uvre du Protocole portant sur les questions sp\u00e9cifiques au mat\u00e9riel roulant ferroviaire (Protocole de Luxembourg), d\u00e9j\u00e0 \u00e0 un stade tr\u00e8s avanc\u00e9. Dans cette optique, le Minist\u00e8re f\u00e9d\u00e9ral allemand de la Justice et de la Protection du consommateur s\u2019est associ\u00e9 au Groupe de travail ferroviaire et a organis\u00e9 ce s\u00e9minaire sur le Protocole ferroviaire de Luxembourg. Le Groupe de travail ferroviaire a assur\u00e9 la participation d\u2019imminents experts du monde entier sur la Convention du Cap et le Protocole ferroviaire, dont le Secr\u00e9taire G\u00e9n\u00e9ral d\u2019UNIDROIT et le Secr\u00e9taire G\u00e9n\u00e9ral de l\u2019OTIF. La plupart des interventions se sont d\u00e9roul\u00e9es en anglais.<br \/>\n<a href=\"https:\/\/www.unidroit.org\/english\/documents\/2014\/meetings\/20140922-luxrailprot-berlin.pdf\">&gt;&gt;&gt; Programme du s\u00e9minaire<\/a><\/p>\n","protected":false},"excerpt":{"rendered":"<p>Le s\u00e9minaire s\u2019est tenu \u00e0 Berlin le 22 septembre 2014. Le s\u00e9minaire, \u00e0 l\u2019attention des repr\u00e9sentants des Gouvernements et des autorit\u00e9s a\u00e9ronautiques comp\u00e9tentes ainsi que des experts du secteur, entendait promouvoir la Convention du Cap et ses Protocoles. Vu les r\u00e9sultats positifs obtenus dans le&nbsp;<a href=\"https:\/\/www.unidroit.org\/fr\/seminaire-europeen-sur-le-protocole-ferroviaire-de-luxembourg\/\">&hellip;<\/a><\/p>\n","protected":false},"author":5,"featured_media":0,"comment_status":"closed","ping_status":"closed","sticky":false,"template":"","format":"standard","meta":{"ep_exclude_from_search":false,"footnotes":""},"categories":[79],"tags":[],"class_list":["post-8242","post","type-post","status-publish","format-standard","hentry","category-actualites","odd"],"_links":{"self":[{"href":"https:\/\/www.unidroit.org\/fr\/wp-json\/wp\/v2\/posts\/8242","targetHints":{"allow":["GET"]}}],"collection":[{"href":"https:\/\/www.unidroit.org\/fr\/wp-json\/wp\/v2\/posts"}],"about":[{"href":"https:\/\/www.unidroit.org\/fr\/wp-json\/wp\/v2\/types\/post"}],"author":[{"embeddable":true,"href":"https:\/\/www.unidroit.org\/fr\/wp-json\/wp\/v2\/users\/5"}],"replies":[{"embeddable":true,"href":"https:\/\/www.unidroit.org\/fr\/wp-json\/wp\/v2\/comments?post=8242"}],"version-history":[{"count":0,"href":"https:\/\/www.unidroit.org\/fr\/wp-json\/wp\/v2\/posts\/8242\/revisions"}],"wp:attachment":[{"href":"https:\/\/www.unidroit.org\/fr\/wp-json\/wp\/v2\/media?parent=8242"}],"wp:term":[{"taxonomy":"category","embeddable":true,"href":"https:\/\/www.unidroit.org\/fr\/wp-json\/wp\/v2\/categories?post=8242"},{"taxonomy":"post_tag","embeddable":true,"href":"https:\/\/www.unidroit.org\/fr\/wp-json\/wp\/v2\/tags?post=8242"}],"curies":[{"name":"wp","href":"https:\/\/api.w.org\/{rel}","templated":true}]}}