{"id":8248,"date":"2014-10-22T13:55:57","date_gmt":"2014-10-22T13:55:57","guid":{"rendered":"https:\/\/www.unidroit.org\/?p=8248"},"modified":"2021-08-18T10:56:14","modified_gmt":"2021-08-18T10:56:14","slug":"seminaire-europeen-sur-la-convention-du-cap-et-son-protocole-aeronautique-promouvoir-la-ratification-et-la-mise-en-oeuvre-varsovie-16-septembre-2014","status":"publish","type":"post","link":"https:\/\/www.unidroit.org\/fr\/seminaire-europeen-sur-la-convention-du-cap-et-son-protocole-aeronautique-promouvoir-la-ratification-et-la-mise-en-oeuvre-varsovie-16-septembre-2014\/","title":{"rendered":"SEMINAIRE EUROPEEN SUR LA CONVENTION DU CAP ET SON PROTOCOLE AERONAUTIQUE: PROMOUVOIR LA RATIFICATION ET LA MISE EN \u0152UVRE (VARSOVIE, 16 SEPTEMBRE 2014)"},"content":{"rendered":"<p>Le 16 septembre 2014, un s\u00e9minaire intitul\u00e9 \u00abS\u00e9minaire europ\u00e9en sur la Convention du Cap et son Protocole a\u00e9ronautique: promouvoir la ratification et la mise en \u0153uvre \u00bb s\u2019est tenu \u00e0 Varsovie. Organis\u00e9 conjointement par le Groupe de travail a\u00e9ronautique (GTA\/AWG), UNIDROIT et l\u2019Autorit\u00e9 civile de l\u2019aviation de la R\u00e9publique de Pologne, il \u00e9tait adress\u00e9 aux repr\u00e9sentants des Gouvernements et aux autorit\u00e9s a\u00e9ronautiques comp\u00e9tentes ainsi qu\u2019aux experts du secteur. Con\u00e7u pour promouvoir et \u00e9valuer les ratifications et la mise en \u0153uvre de la Convention du Cap, il visait \u00e9galement \u00e0 aider les professionnels et les praticiens des Etats contractants. Il a illustr\u00e9\u00a0 les exp\u00e9riences acquises dans les pays du monde entier concernant la ratification et la mise en \u0153uvre, ainsi que les nombreuses transactions couvertes par le Protocole a\u00e9ronautique \u00e0 ce jour. Les experts charg\u00e9s du d\u00e9veloppement et de la mise en \u0153uvre de la Convention du Cap, dont des experts originaires de pays europ\u00e9ens qui ont ratifi\u00e9 la Convention, ont partag\u00e9 leurs connaissances et exp\u00e9riences.<br \/>\n<a href=\"https:\/\/www.unidroit.org\/english\/documents\/2014\/meetings\/20140916-ctc-warsaw.pdf\">&gt;&gt;&gt; Ordre du jour<\/a><br \/>\n<a href=\"http:\/\/www.capetowntreatyforum.com\/poland\/2014\/\" target=\"_blank\" rel=\"noopener\">&gt;&gt;&gt; Plus d\u2019informations<\/a><\/p>\n","protected":false},"excerpt":{"rendered":"<p>Le 16 septembre 2014, un s\u00e9minaire intitul\u00e9 \u00abS\u00e9minaire europ\u00e9en sur la Convention du Cap et son Protocole a\u00e9ronautique: promouvoir la ratification et la mise en \u0153uvre \u00bb s\u2019est tenu \u00e0 Varsovie. Organis\u00e9 conjointement par le Groupe de travail a\u00e9ronautique (GTA\/AWG), UNIDROIT et l\u2019Autorit\u00e9 civile de&nbsp;<a href=\"https:\/\/www.unidroit.org\/fr\/seminaire-europeen-sur-la-convention-du-cap-et-son-protocole-aeronautique-promouvoir-la-ratification-et-la-mise-en-oeuvre-varsovie-16-septembre-2014\/\">&hellip;<\/a><\/p>\n","protected":false},"author":5,"featured_media":0,"comment_status":"closed","ping_status":"closed","sticky":false,"template":"","format":"standard","meta":{"ep_exclude_from_search":false,"footnotes":""},"categories":[79],"tags":[],"class_list":["post-8248","post","type-post","status-publish","format-standard","hentry","category-actualites","odd"],"_links":{"self":[{"href":"https:\/\/www.unidroit.org\/fr\/wp-json\/wp\/v2\/posts\/8248","targetHints":{"allow":["GET"]}}],"collection":[{"href":"https:\/\/www.unidroit.org\/fr\/wp-json\/wp\/v2\/posts"}],"about":[{"href":"https:\/\/www.unidroit.org\/fr\/wp-json\/wp\/v2\/types\/post"}],"author":[{"embeddable":true,"href":"https:\/\/www.unidroit.org\/fr\/wp-json\/wp\/v2\/users\/5"}],"replies":[{"embeddable":true,"href":"https:\/\/www.unidroit.org\/fr\/wp-json\/wp\/v2\/comments?post=8248"}],"version-history":[{"count":0,"href":"https:\/\/www.unidroit.org\/fr\/wp-json\/wp\/v2\/posts\/8248\/revisions"}],"wp:attachment":[{"href":"https:\/\/www.unidroit.org\/fr\/wp-json\/wp\/v2\/media?parent=8248"}],"wp:term":[{"taxonomy":"category","embeddable":true,"href":"https:\/\/www.unidroit.org\/fr\/wp-json\/wp\/v2\/categories?post=8248"},{"taxonomy":"post_tag","embeddable":true,"href":"https:\/\/www.unidroit.org\/fr\/wp-json\/wp\/v2\/tags?post=8248"}],"curies":[{"name":"wp","href":"https:\/\/api.w.org\/{rel}","templated":true}]}}