{"id":8254,"date":"2014-10-16T13:58:01","date_gmt":"2014-10-16T13:58:01","guid":{"rendered":"https:\/\/www.unidroit.org\/?p=8254"},"modified":"2021-08-18T10:56:15","modified_gmt":"2021-08-18T10:56:15","slug":"convention-du-cap-et-protocole-aeronautique-adhesion-de-la-republique-de-saint-marin","status":"publish","type":"post","link":"https:\/\/www.unidroit.org\/fr\/convention-du-cap-et-protocole-aeronautique-adhesion-de-la-republique-de-saint-marin\/","title":{"rendered":"CONVENTION DU CAP ET PROTOCOLE AERONAUTIQUE \u2013 ADHESION DE LA REPUBLIQUE DE SAINT-MARIN"},"content":{"rendered":"<p>Le 9 septembre 2014, la R\u00e9publique de Saint-Marin a d\u00e9pos\u00e9 aupr\u00e8s d\u2019UNIDROIT ses instruments d\u2019adh\u00e9sion \u00e0 la Convention relative aux garanties internationales portant sur des mat\u00e9riels d\u2019\u00e9quipement mobiles et au Protocole y relatif portant sur les questions sp\u00e9cifiques aux mat\u00e9riels d\u2019\u00e9quipement a\u00e9ronautiques. La R\u00e9publique de Saint-Marin a fait des d\u00e9clarations en vertu des articles 39(1)(a), 39(1)(b), 39(4), 40, 53 and 54(2) de la Convention et en vertu de l\u2019article XXX(1), XXX(2) et XXX(3) du Protocole a\u00e9ronautique. La Convention et le Protocole a\u00e9ronautique entreront en vigueur pour la R\u00e9publique de Saint-Marin le 1<sup>er<\/sup>\u00a0janvier 2015. Pour plus de d\u00e9tails concernant la Convention et le Protocole a\u00e9ronautique, voir la page\u00a0<a href=\"https:\/\/www.unidroit.org\/fr\/depositaire-2001capetown\">\u201cFonctions de D\u00e9positaire d\u2019UNIDROIT\u201d<\/a>.<\/p>\n","protected":false},"excerpt":{"rendered":"<p>Le 9 septembre 2014, la R\u00e9publique de Saint-Marin a d\u00e9pos\u00e9 aupr\u00e8s d\u2019UNIDROIT ses instruments d\u2019adh\u00e9sion \u00e0 la Convention relative aux garanties internationales portant sur des mat\u00e9riels d\u2019\u00e9quipement mobiles et au Protocole y relatif portant sur les questions sp\u00e9cifiques aux mat\u00e9riels d\u2019\u00e9quipement a\u00e9ronautiques. La R\u00e9publique de&nbsp;<a href=\"https:\/\/www.unidroit.org\/fr\/convention-du-cap-et-protocole-aeronautique-adhesion-de-la-republique-de-saint-marin\/\">&hellip;<\/a><\/p>\n","protected":false},"author":5,"featured_media":0,"comment_status":"closed","ping_status":"closed","sticky":false,"template":"","format":"standard","meta":{"ep_exclude_from_search":false,"footnotes":""},"categories":[79],"tags":[],"class_list":["post-8254","post","type-post","status-publish","format-standard","hentry","category-actualites","odd"],"_links":{"self":[{"href":"https:\/\/www.unidroit.org\/fr\/wp-json\/wp\/v2\/posts\/8254","targetHints":{"allow":["GET"]}}],"collection":[{"href":"https:\/\/www.unidroit.org\/fr\/wp-json\/wp\/v2\/posts"}],"about":[{"href":"https:\/\/www.unidroit.org\/fr\/wp-json\/wp\/v2\/types\/post"}],"author":[{"embeddable":true,"href":"https:\/\/www.unidroit.org\/fr\/wp-json\/wp\/v2\/users\/5"}],"replies":[{"embeddable":true,"href":"https:\/\/www.unidroit.org\/fr\/wp-json\/wp\/v2\/comments?post=8254"}],"version-history":[{"count":0,"href":"https:\/\/www.unidroit.org\/fr\/wp-json\/wp\/v2\/posts\/8254\/revisions"}],"wp:attachment":[{"href":"https:\/\/www.unidroit.org\/fr\/wp-json\/wp\/v2\/media?parent=8254"}],"wp:term":[{"taxonomy":"category","embeddable":true,"href":"https:\/\/www.unidroit.org\/fr\/wp-json\/wp\/v2\/categories?post=8254"},{"taxonomy":"post_tag","embeddable":true,"href":"https:\/\/www.unidroit.org\/fr\/wp-json\/wp\/v2\/tags?post=8254"}],"curies":[{"name":"wp","href":"https:\/\/api.w.org\/{rel}","templated":true}]}}