{"id":8303,"date":"2013-09-09T14:24:52","date_gmt":"2013-09-09T14:24:52","guid":{"rendered":"https:\/\/www.unidroit.org\/?p=8303"},"modified":"2021-08-18T10:56:44","modified_gmt":"2021-08-18T10:56:44","slug":"convention-dunidroit-sur-les-biens-culturels-voles-ou-illicitement-exportes-adhesion-de-la-republique-du-honduras","status":"publish","type":"post","link":"https:\/\/www.unidroit.org\/fr\/convention-dunidroit-sur-les-biens-culturels-voles-ou-illicitement-exportes-adhesion-de-la-republique-du-honduras\/","title":{"rendered":"CONVENTION D\u2019UNIDROIT SUR LES BIENS CULTURELS VOL\u00c9S OU ILLICITEMENT EXPORT\u00c9S \u2013 ADH\u00c9SION DE LA R\u00c9PUBLIQUE DU HONDURAS"},"content":{"rendered":"<p>L\u2019instrument d\u2019adh\u00e9sion \u00e0 la Convention d\u2019UNIDROIT de 1995 a \u00e9t\u00e9 d\u00e9pos\u00e9 par le Gouvernement de la R\u00e9publique du Honduras aupr\u00e8s du Gouvernement italien, D\u00e9positaire de la Convention, le 27 ao\u00fbt 2013. La Convention entrera en vigueur pour la R\u00e9publique du Honduras le 1er f\u00e9vrier 2012.\u00a0<a href=\"https:\/\/www.unidroit.org\/fr\/instruments\/biens-culturels\/convention-de-1995\">&gt;&gt;&gt; Pour plus de d\u00e9tails concernant la Convention&#8230;<\/a><\/p>\n","protected":false},"excerpt":{"rendered":"<p>L\u2019instrument d\u2019adh\u00e9sion \u00e0 la Convention d\u2019UNIDROIT de 1995 a \u00e9t\u00e9 d\u00e9pos\u00e9 par le Gouvernement de la R\u00e9publique du Honduras aupr\u00e8s du Gouvernement italien, D\u00e9positaire de la Convention, le 27 ao\u00fbt 2013. La Convention entrera en vigueur pour la R\u00e9publique du Honduras le 1er f\u00e9vrier 2012.\u00a0&gt;&gt;&gt;&nbsp;<a href=\"https:\/\/www.unidroit.org\/fr\/convention-dunidroit-sur-les-biens-culturels-voles-ou-illicitement-exportes-adhesion-de-la-republique-du-honduras\/\">&hellip;<\/a><\/p>\n","protected":false},"author":5,"featured_media":0,"comment_status":"closed","ping_status":"closed","sticky":false,"template":"","format":"standard","meta":{"ep_exclude_from_search":false,"footnotes":""},"categories":[79],"tags":[],"class_list":["post-8303","post","type-post","status-publish","format-standard","hentry","category-actualites","odd"],"_links":{"self":[{"href":"https:\/\/www.unidroit.org\/fr\/wp-json\/wp\/v2\/posts\/8303","targetHints":{"allow":["GET"]}}],"collection":[{"href":"https:\/\/www.unidroit.org\/fr\/wp-json\/wp\/v2\/posts"}],"about":[{"href":"https:\/\/www.unidroit.org\/fr\/wp-json\/wp\/v2\/types\/post"}],"author":[{"embeddable":true,"href":"https:\/\/www.unidroit.org\/fr\/wp-json\/wp\/v2\/users\/5"}],"replies":[{"embeddable":true,"href":"https:\/\/www.unidroit.org\/fr\/wp-json\/wp\/v2\/comments?post=8303"}],"version-history":[{"count":0,"href":"https:\/\/www.unidroit.org\/fr\/wp-json\/wp\/v2\/posts\/8303\/revisions"}],"wp:attachment":[{"href":"https:\/\/www.unidroit.org\/fr\/wp-json\/wp\/v2\/media?parent=8303"}],"wp:term":[{"taxonomy":"category","embeddable":true,"href":"https:\/\/www.unidroit.org\/fr\/wp-json\/wp\/v2\/categories?post=8303"},{"taxonomy":"post_tag","embeddable":true,"href":"https:\/\/www.unidroit.org\/fr\/wp-json\/wp\/v2\/tags?post=8303"}],"curies":[{"name":"wp","href":"https:\/\/api.w.org\/{rel}","templated":true}]}}