{"id":8307,"date":"2013-08-07T14:26:17","date_gmt":"2013-08-07T14:26:17","guid":{"rendered":"https:\/\/www.unidroit.org\/?p=8307"},"modified":"2021-08-18T10:56:44","modified_gmt":"2021-08-18T10:56:44","slug":"xiieme-conges-sur-larbitrage-international-du-brazilian-arbitration-committee","status":"publish","type":"post","link":"https:\/\/www.unidroit.org\/fr\/xiieme-conges-sur-larbitrage-international-du-brazilian-arbitration-committee\/","title":{"rendered":"XII\u00c8ME CONG\u00c8S SUR L&#8217;ARBITRAGE INTERNATIONAL DU BRAZILIAN ARBITRATION COMMITTEE"},"content":{"rendered":"<p>Le XII\u00e8me congr\u00e8s sur l&#8217;arbitrage international du Brazilian Arbitration Committee se tiendra \u00e0 S\u00e3o Paulo, au Sheraton WTC Hotel, du 19 au 21 septembre 2013.\u00a0<a href=\"http:\/\/www.en.cbar.org.br\/12congresso\/\/?lang=en-us\" target=\"_blank\" rel=\"noopener\">&gt;&gt;&gt; Pour plus d&#8217;information<\/a>.<\/p>\n","protected":false},"excerpt":{"rendered":"<p>Le XII\u00e8me congr\u00e8s sur l&#8217;arbitrage international du Brazilian Arbitration Committee se tiendra \u00e0 S\u00e3o Paulo, au Sheraton WTC Hotel, du 19 au 21 septembre 2013.\u00a0&gt;&gt;&gt; Pour plus d&#8217;information.<\/p>\n","protected":false},"author":5,"featured_media":0,"comment_status":"closed","ping_status":"closed","sticky":false,"template":"","format":"standard","meta":{"ep_exclude_from_search":false,"footnotes":""},"categories":[79],"tags":[],"class_list":["post-8307","post","type-post","status-publish","format-standard","hentry","category-actualites","odd"],"_links":{"self":[{"href":"https:\/\/www.unidroit.org\/fr\/wp-json\/wp\/v2\/posts\/8307","targetHints":{"allow":["GET"]}}],"collection":[{"href":"https:\/\/www.unidroit.org\/fr\/wp-json\/wp\/v2\/posts"}],"about":[{"href":"https:\/\/www.unidroit.org\/fr\/wp-json\/wp\/v2\/types\/post"}],"author":[{"embeddable":true,"href":"https:\/\/www.unidroit.org\/fr\/wp-json\/wp\/v2\/users\/5"}],"replies":[{"embeddable":true,"href":"https:\/\/www.unidroit.org\/fr\/wp-json\/wp\/v2\/comments?post=8307"}],"version-history":[{"count":0,"href":"https:\/\/www.unidroit.org\/fr\/wp-json\/wp\/v2\/posts\/8307\/revisions"}],"wp:attachment":[{"href":"https:\/\/www.unidroit.org\/fr\/wp-json\/wp\/v2\/media?parent=8307"}],"wp:term":[{"taxonomy":"category","embeddable":true,"href":"https:\/\/www.unidroit.org\/fr\/wp-json\/wp\/v2\/categories?post=8307"},{"taxonomy":"post_tag","embeddable":true,"href":"https:\/\/www.unidroit.org\/fr\/wp-json\/wp\/v2\/tags?post=8307"}],"curies":[{"name":"wp","href":"https:\/\/api.w.org\/{rel}","templated":true}]}}